{"id":93408,"date":"2018-03-08T16:43:03","date_gmt":"2018-03-08T19:43:03","guid":{"rendered":"http:\/\/diarioregionaljf.com.br\/2018\/03\/08\/pm-identifica-grupo-suspeito-de-trafico-e-apreende-drogas-no-santo-antonio\/"},"modified":"2018-03-08T16:43:03","modified_gmt":"2018-03-08T19:43:03","slug":"pm-identifica-grupo-suspeito-de-trafico-e-apreende-drogas-no-santo-antonio","status":"publish","type":"post","link":"https:\/\/diarioregionaldigital.com.br\/?p=93408","title":{"rendered":"PM identifica grupo suspeito de tr\u00e1fico e apreende drogas no Santo Ant\u00f4nio"},"content":{"rendered":"<p>A Pol\u00edcia Militar (PM) identificou um grupo de cinco indiv\u00edduos envolvidos com tr\u00e1fico de drogas no bairro, Santo Ant\u00f4nio, zona Sudeste da cidade. A a\u00e7\u00e3o ocorreu neste quarta-feira, 7.<\/p>\n<p>De acordo com a Pol\u00edcia Militar (PM), durante patrulha pela Rua Francisca Fontainha a viatura identificou o grupo em atitude suspeita. Ao notarem a presen\u00e7a policial o grupo lan\u00e7ou uma sacola pl\u00e1stica no ch\u00e3o e fugiram em dire\u00e7\u00e3o ao bairro Parque Serra Verde.<\/p>\n<p>A PM seguiu os suspeitos, entretanto todos conseguiram fugir.<\/p>\n<p>Os policiais apreenderam a sacola e em seu interior foram localizadas duas barras de maconha, 46 buchas da mesma subst\u00e2ncia e uma balan\u00e7a de precis\u00e3o. Todo material foi enviado para delegacia.<\/p>\n","protected":false},"excerpt":{"rendered":"<p>A Pol\u00edcia Militar (PM) identificou um grupo de cinco indiv\u00edduos envolvidos com tr\u00e1fico de drogas no bairro, Santo Ant\u00f4nio, zona Sudeste da cidade. A a\u00e7\u00e3o ocorreu neste quarta-feira, 7. De acordo com a Pol\u00edcia Militar (PM), durante patrulha pela Rua Francisca Fontainha a viatura identificou o grupo em atitude suspeita. Ao notarem a presen\u00e7a policial [&hellip;]<\/p>\n","protected":false},"author":96,"featured_media":93407,"comment_status":"closed","ping_status":"closed","sticky":false,"template":"","format":"standard","meta":{"footnotes":""},"categories":[301],"tags":[],"class_list":["post-93408","post","type-post","status-publish","format-standard","has-post-thumbnail","hentry","category-artigos-policiais"],"_links":{"self":[{"href":"https:\/\/diarioregionaldigital.com.br\/index.php?rest_route=\/wp\/v2\/posts\/93408","targetHints":{"allow":["GET"]}}],"collection":[{"href":"https:\/\/diarioregionaldigital.com.br\/index.php?rest_route=\/wp\/v2\/posts"}],"about":[{"href":"https:\/\/diarioregionaldigital.com.br\/index.php?rest_route=\/wp\/v2\/types\/post"}],"author":[{"embeddable":true,"href":"https:\/\/diarioregionaldigital.com.br\/index.php?rest_route=\/wp\/v2\/users\/96"}],"replies":[{"embeddable":true,"href":"https:\/\/diarioregionaldigital.com.br\/index.php?rest_route=%2Fwp%2Fv2%2Fcomments&post=93408"}],"version-history":[{"count":0,"href":"https:\/\/diarioregionaldigital.com.br\/index.php?rest_route=\/wp\/v2\/posts\/93408\/revisions"}],"wp:featuredmedia":[{"embeddable":true,"href":"https:\/\/diarioregionaldigital.com.br\/index.php?rest_route=\/wp\/v2\/media\/93407"}],"wp:attachment":[{"href":"https:\/\/diarioregionaldigital.com.br\/index.php?rest_route=%2Fwp%2Fv2%2Fmedia&parent=93408"}],"wp:term":[{"taxonomy":"category","embeddable":true,"href":"https:\/\/diarioregionaldigital.com.br\/index.php?rest_route=%2Fwp%2Fv2%2Fcategories&post=93408"},{"taxonomy":"post_tag","embeddable":true,"href":"https:\/\/diarioregionaldigital.com.br\/index.php?rest_route=%2Fwp%2Fv2%2Ftags&post=93408"}],"curies":[{"name":"wp","href":"https:\/\/api.w.org\/{rel}","templated":true}]}}