{"id":93406,"date":"2018-03-08T15:17:27","date_gmt":"2018-03-08T18:17:27","guid":{"rendered":"http:\/\/diarioregionaljf.com.br\/2018\/03\/08\/defesa-civil-recebe-11-chamados-de-ocorrencias-devido-as-chuvas\/"},"modified":"2018-03-08T15:17:27","modified_gmt":"2018-03-08T18:17:27","slug":"defesa-civil-recebe-11-chamados-de-ocorrencias-devido-as-chuvas","status":"publish","type":"post","link":"https:\/\/diarioregionaldigital.com.br\/?p=93406","title":{"rendered":"Defesa Civil recebe 11 chamados de ocorr\u00eancias devido \u00e0s chuvas"},"content":{"rendered":"<p>A Defesa civil divulgou nesta quinta-feira, 8, as ocorr\u00eancias relacionadas \u00e0s chuvas nas \u00faltimas 24 horas.<\/p>\n<p>Foram recebidos 11 chamados, sendo cinco na regi\u00e3o Leste, quatro na Nordeste, uma na Norte e uma na Sul. Foram tr\u00eas escorregamentos de talude, dois alagamentos, e outras situa\u00e7\u00f5es registradas, como trinca em parede, infiltra\u00e7\u00e3o em piso, reavalia\u00e7\u00e3o e orienta\u00e7\u00e3o t\u00e9cnica preventiva.<\/p>\n<p>Um alagamento aconteceu na Rua Diva Garcia, no Linhares, onde o servi\u00e7o social da Defesa Civil realizou o atendimento no local. Os escorregamentos aconteceram na Travessa Jos\u00e9 Teixeira, no S\u00e3o Benedito; na Rua Verde Vale, no Vale do Amanhecer; e na Rua Eurico de Melo, no Aracy. As outras ocorr\u00eancias n\u00e3o tiveram destaque.<\/p>\n<p>O acumulado de chuva registrada nas \u00faltimas 24 horas foi de 138mm, sendo 50.05mm, no Santa Rita de C\u00e1ssia; 45.65 mm, na Represa; e 15.82 mm no Nova Era.<\/p>\n<p>Fonte: Assessoria \/ PJF<\/p>\n","protected":false},"excerpt":{"rendered":"<p>A Defesa civil divulgou nesta quinta-feira, 8, as ocorr\u00eancias relacionadas \u00e0s chuvas nas \u00faltimas 24 horas. Foram recebidos 11 chamados, sendo cinco na regi\u00e3o Leste, quatro na Nordeste, uma na Norte e uma na Sul. Foram tr\u00eas escorregamentos de talude, dois alagamentos, e outras situa\u00e7\u00f5es registradas, como trinca em parede, infiltra\u00e7\u00e3o em piso, reavalia\u00e7\u00e3o e [&hellip;]<\/p>\n","protected":false},"author":96,"featured_media":93405,"comment_status":"closed","ping_status":"closed","sticky":false,"template":"","format":"standard","meta":{"footnotes":""},"categories":[253],"tags":[],"class_list":["post-93406","post","type-post","status-publish","format-standard","has-post-thumbnail","hentry","category-cidade"],"_links":{"self":[{"href":"https:\/\/diarioregionaldigital.com.br\/index.php?rest_route=\/wp\/v2\/posts\/93406","targetHints":{"allow":["GET"]}}],"collection":[{"href":"https:\/\/diarioregionaldigital.com.br\/index.php?rest_route=\/wp\/v2\/posts"}],"about":[{"href":"https:\/\/diarioregionaldigital.com.br\/index.php?rest_route=\/wp\/v2\/types\/post"}],"author":[{"embeddable":true,"href":"https:\/\/diarioregionaldigital.com.br\/index.php?rest_route=\/wp\/v2\/users\/96"}],"replies":[{"embeddable":true,"href":"https:\/\/diarioregionaldigital.com.br\/index.php?rest_route=%2Fwp%2Fv2%2Fcomments&post=93406"}],"version-history":[{"count":0,"href":"https:\/\/diarioregionaldigital.com.br\/index.php?rest_route=\/wp\/v2\/posts\/93406\/revisions"}],"wp:featuredmedia":[{"embeddable":true,"href":"https:\/\/diarioregionaldigital.com.br\/index.php?rest_route=\/wp\/v2\/media\/93405"}],"wp:attachment":[{"href":"https:\/\/diarioregionaldigital.com.br\/index.php?rest_route=%2Fwp%2Fv2%2Fmedia&parent=93406"}],"wp:term":[{"taxonomy":"category","embeddable":true,"href":"https:\/\/diarioregionaldigital.com.br\/index.php?rest_route=%2Fwp%2Fv2%2Fcategories&post=93406"},{"taxonomy":"post_tag","embeddable":true,"href":"https:\/\/diarioregionaldigital.com.br\/index.php?rest_route=%2Fwp%2Fv2%2Ftags&post=93406"}],"curies":[{"name":"wp","href":"https:\/\/api.w.org\/{rel}","templated":true}]}}