{"id":93404,"date":"2018-03-08T14:36:00","date_gmt":"2018-03-08T17:36:00","guid":{"rendered":"http:\/\/diarioregionaljf.com.br\/2018\/03\/08\/mae-denuncia-agressoes-contra-o-filho-por-parte-da-professora-e-outros-alunos-em-escola-no-santa-candida\/"},"modified":"2018-03-08T14:36:00","modified_gmt":"2018-03-08T17:36:00","slug":"mae-denuncia-agressoes-contra-o-filho-por-parte-da-professora-e-outros-alunos-em-escola-no-santa-candida","status":"publish","type":"post","link":"https:\/\/diarioregionaldigital.com.br\/?p=93404","title":{"rendered":"M\u00e3e denuncia agress\u00f5es contra o filho por parte da professora e outros alunos em escola no Santa C\u00e2ndida"},"content":{"rendered":"<p>Uma m\u00e3e de um garoto de nove anos, aluno da Escola Municipal Santa C\u00e2ndida, registrou junto \u00e0 Pol\u00edcia Militar (PM), agress\u00f5es contra o filho, por parte da professora e de outros alunos. O caso ocorreu na tarde desta quarta-feira, 7. A escola fica localizada no bairro Santa C\u00e2ndida, zona Leste.<\/p>\n<p>De acordo com o registro de ocorr\u00eancias da PM, a m\u00e3e da crian\u00e7a, de 33 anos, relatou que o filho foi agredido pela professora, de 40 anos, e que a mesma tamb\u00e9m incentivou outras crian\u00e7as da sala de aula a agredirem o garoto.<\/p>\n<p>A v\u00edtima teve a cabe\u00e7a colocada dentro da pr\u00f3pria mochila e todo seu material escolar foi destru\u00eddo pelos demais alunos da sala. Todos os fatos teriam ocorrido na presen\u00e7a da professora e n\u00e3o teriam nenhuma motiva\u00e7\u00e3o espec\u00edfica.<\/p>\n<p>A diretora da escola, de 52 anos, relatou aos policiais que ao tomar conhecimento dos fatos, realizou todos os procedimentos cab\u00edveis, afastando a autora de suas fun\u00e7\u00f5es, colocando-a a disposi\u00e7\u00e3o da secretaria de educa\u00e7\u00e3o, \u00f3rg\u00e3o este que tamb\u00e9m foi comunicado atrav\u00e9s de um memorando, emitido pela escola Santa C\u00e2ndida.<\/p>\n<p>A diretora ainda chamou os pais dos demais alunos envolvidos para orienta\u00e7\u00f5es sobre os fatos ocorridos e realiza\u00e7\u00e3o de acordo para aquisi\u00e7\u00e3o de novos materiais para a v\u00edtima. A m\u00e3e do garoto s\u00f3 ficou sabendo do ocorrido posteriormente.<\/p>\n<p>Foram identificadas marcas de agress\u00e3o na testa da crian\u00e7a, al\u00e9m de pequenas les\u00f5es no nariz e pesco\u00e7o.<\/p>\n<p>A m\u00e3e do garoto dispensou o apoio da PM para a condu\u00e7\u00e3o da v\u00edtima at\u00e9 uma unidade m\u00e9dica. Ela optou por se deslocar com o filho por meios pr\u00f3prios, a fim de providenciar laudo m\u00e9dico em rela\u00e7\u00e3o \u00e0s les\u00f5es sofridas.<\/p>\n<p>Quando a PM foi acionada e chegou \u00e0 escola, a situa\u00e7\u00e3o j\u00e1 estava totalmente controlada. A professora foi liberada pela escola.<\/p>\n<p>A m\u00e3e recebeu as orienta\u00e7\u00f5es necess\u00e1rias quanto \u00e0s demais provid\u00eancias.<\/p>\n<p>O caso ser\u00e1 investigado pela Pol\u00edcia Civil (PC).<\/p>\n<p>Em nota a Secretaria de Educa\u00e7\u00e3o \u201cinforma que est\u00e1 ciente do caso. A professora e a dire\u00e7\u00e3o da escola ser\u00e3o ouvidas pela Secretaria, e medidas administrativas ser\u00e3o tomadas. Em rela\u00e7\u00e3o \u00e0 crian\u00e7a, sua fam\u00edlia e aos colegas de classe, proposi\u00e7\u00f5es pedag\u00f3gicas est\u00e3o sendo articuladas junto aos setores respons\u00e1veis pela Aten\u00e7\u00e3o ao Estudante e Orienta\u00e7\u00e3o ao Educando.&#8221;<\/p>\n","protected":false},"excerpt":{"rendered":"<p>Uma m\u00e3e de um garoto de nove anos, aluno da Escola Municipal Santa C\u00e2ndida, registrou junto \u00e0 Pol\u00edcia Militar (PM), agress\u00f5es contra o filho, por parte da professora e de outros alunos. O caso ocorreu na tarde desta quarta-feira, 7. A escola fica localizada no bairro Santa C\u00e2ndida, zona Leste. De acordo com o registro [&hellip;]<\/p>\n","protected":false},"author":96,"featured_media":93403,"comment_status":"closed","ping_status":"closed","sticky":false,"template":"","format":"standard","meta":{"footnotes":""},"categories":[301],"tags":[],"class_list":["post-93404","post","type-post","status-publish","format-standard","has-post-thumbnail","hentry","category-artigos-policiais"],"_links":{"self":[{"href":"https:\/\/diarioregionaldigital.com.br\/index.php?rest_route=\/wp\/v2\/posts\/93404","targetHints":{"allow":["GET"]}}],"collection":[{"href":"https:\/\/diarioregionaldigital.com.br\/index.php?rest_route=\/wp\/v2\/posts"}],"about":[{"href":"https:\/\/diarioregionaldigital.com.br\/index.php?rest_route=\/wp\/v2\/types\/post"}],"author":[{"embeddable":true,"href":"https:\/\/diarioregionaldigital.com.br\/index.php?rest_route=\/wp\/v2\/users\/96"}],"replies":[{"embeddable":true,"href":"https:\/\/diarioregionaldigital.com.br\/index.php?rest_route=%2Fwp%2Fv2%2Fcomments&post=93404"}],"version-history":[{"count":0,"href":"https:\/\/diarioregionaldigital.com.br\/index.php?rest_route=\/wp\/v2\/posts\/93404\/revisions"}],"wp:featuredmedia":[{"embeddable":true,"href":"https:\/\/diarioregionaldigital.com.br\/index.php?rest_route=\/wp\/v2\/media\/93403"}],"wp:attachment":[{"href":"https:\/\/diarioregionaldigital.com.br\/index.php?rest_route=%2Fwp%2Fv2%2Fmedia&parent=93404"}],"wp:term":[{"taxonomy":"category","embeddable":true,"href":"https:\/\/diarioregionaldigital.com.br\/index.php?rest_route=%2Fwp%2Fv2%2Fcategories&post=93404"},{"taxonomy":"post_tag","embeddable":true,"href":"https:\/\/diarioregionaldigital.com.br\/index.php?rest_route=%2Fwp%2Fv2%2Ftags&post=93404"}],"curies":[{"name":"wp","href":"https:\/\/api.w.org\/{rel}","templated":true}]}}