{"id":93402,"date":"2018-03-08T14:07:37","date_gmt":"2018-03-08T17:07:37","guid":{"rendered":"http:\/\/diarioregionaljf.com.br\/2018\/03\/08\/prefeitura-municipal-de-descoberto-extratos-de-contrato\/"},"modified":"2018-08-13T20:38:12","modified_gmt":"2018-08-13T23:38:12","slug":"prefeitura-municipal-de-descoberto-extratos-de-contrato","status":"publish","type":"post","link":"https:\/\/diarioregionaldigital.com.br\/?p=93402","title":{"rendered":"PREFEITURA MUNICIPAL DE DESCOBERTO EXTRATOS DE CONTRATO"},"content":{"rendered":"<p><span style=\"text-decoration: underline;\">EXTRATO DE CONTRATO<\/span><\/p>\n<p>Pref. Municipal de Descoberto x Braz Pereira Dias &#8211; Objeto: Fornecimento de g\u00eaneros aliment\u00edcios da Agricultura Familiar para alimenta\u00e7\u00e3o escolar- Fundamento: Chamada P\u00fablica \u2013 Valor Global: 19.832,30 \u2013 Vig\u00eancia: 5 meses\u2013 Dot or\u00e7: 02.04003.12.306.0003.2.0063-339030\/144 &#8211; Ass: 05\/03\/2018- Foro: S\u00e3o Jo\u00e3o Nepomuceno\/MG.<\/p>\n<p><strong>&nbsp;<\/strong>Marcos de Ara\u00fajo Lima<\/p>\n<p>Prefeito Municipal<\/p>\n<p><span style=\"text-decoration: underline;\">EXTRATO DE CONTRATO<\/span><\/p>\n<p>Pref. Municipal de Descoberto x C\u00e9sar de Almeida Narciso- Objeto: Fornecimento de g\u00eaneros aliment\u00edcios da Agricultura Familiar para alimenta\u00e7\u00e3o escolar- Fundamento: Chamada P\u00fablica \u2013 Valor Global: 8.400,00\u2013 Vig\u00eancia: 5 meses\u2013 Dot or\u00e7: 02.04003.12.306.0003.2.0063-339030\/144 &#8211; Ass: 05\/03\/2018- Foro: S\u00e3o Jo\u00e3o Nepomuceno\/MG.<\/p>\n<p>Marcos de Ara\u00fajo Lima<br \/>Prefeito Municipal<\/p>\n<p><span style=\"text-decoration: underline;\">EXTRATO DE CONTRATO<\/span><\/p>\n<p>Pref. Municipal de Descoberto x &nbsp;Simone Alves&nbsp; Lima &#8211; Objeto: Fornecimento de g\u00eaneros aliment\u00edcios da Agricultura Familiar para alimenta\u00e7\u00e3o escolar- Fundamento: Chamada P\u00fablica \u2013 Valor Global:19.051,60\u2013 Vig\u00eancia: 5 meses\u2013 Dot or\u00e7: 02.04003.12.306.0003.2.0063-339030\/144 &#8211; Ass: 05\/03\/2018- Foro: S\u00e3o Jo\u00e3o Nepomuceno\/MG.<\/p>\n<p><strong>&nbsp;<\/strong>Marcos de Ara\u00fajo Lima<\/p>\n<p>Prefeito Municipal<\/p>\n<p><span style=\"text-decoration: underline;\">EXTRATO DE CONTRATO<\/span><\/p>\n<p>Pref. Municipal de Descoberto x &nbsp;Nelcinho de Paula Vaz &#8211; Objeto: Fornecimento de g\u00eaneros aliment\u00edcios da Agricultura Familiar para alimenta\u00e7\u00e3o escolar- Fundamento: Chamada P\u00fablica \u2013 Valor Global: 20.000,00\u2013 Vig\u00eancia: 5 meses\u2013 Dot or\u00e7: 02.04003.12.306.0003.2.0063-339030\/144 &#8211; Ass: 05\/03\/2018- Foro: S\u00e3o Jo\u00e3o Nepomuceno\/MG.<\/p>\n<p><strong>&nbsp;<\/strong>Marcos de Ara\u00fajo Lima<\/p>\n<p>Prefeito Municipal<\/p>\n<p><span style=\"text-decoration: underline;\">EXTRATO DE CONTRATO<\/span><\/p>\n<p>Pref. Municipal de Descoberto x Odontologia Carpinetti Ltda \u2013 ME &#8211; Objeto: Presta\u00e7\u00e3o de servi\u00e7os na confec\u00e7\u00e3o de pr\u00f3tese dent\u00e1ria referente ao Programa Brasil Sorridente- Fundamento: Carta Convite 001\/2018 \u2013 Valor Global: 70.800,00\u2013 Vig\u00eancia: 12 meses\u2013 Dot or\u00e7: 02.05002.10.301.0004.285-339030\/102 &#8211; Ass: 07\/03\/18 &#8211; Foro: S\u00e3o Jo\u00e3o Nepomuceno\/MG.<\/p>\n<p><strong>&nbsp;<\/strong>Marcos de Ara\u00fajo Lima<\/p>\n<p>Prefeito Municipal<\/p>\n","protected":false},"excerpt":{"rendered":"<p>EXTRATO DE CONTRATO Pref. Municipal de Descoberto x Braz Pereira Dias &#8211; Objeto: Fornecimento de g\u00eaneros aliment\u00edcios da Agricultura Familiar para alimenta\u00e7\u00e3o escolar- Fundamento: Chamada P\u00fablica \u2013 Valor Global: 19.832,30 \u2013 Vig\u00eancia: 5 meses\u2013 Dot or\u00e7: 02.04003.12.306.0003.2.0063-339030\/144 &#8211; Ass: 05\/03\/2018- Foro: S\u00e3o Jo\u00e3o Nepomuceno\/MG. &nbsp;Marcos de Ara\u00fajo Lima Prefeito Municipal EXTRATO DE CONTRATO Pref. Municipal [&hellip;]<\/p>\n","protected":false},"author":96,"featured_media":0,"comment_status":"closed","ping_status":"closed","sticky":false,"template":"","format":"standard","meta":{"footnotes":""},"categories":[307],"tags":[],"class_list":["post-93402","post","type-post","status-publish","format-standard","hentry","category-editais"],"_links":{"self":[{"href":"https:\/\/diarioregionaldigital.com.br\/index.php?rest_route=\/wp\/v2\/posts\/93402","targetHints":{"allow":["GET"]}}],"collection":[{"href":"https:\/\/diarioregionaldigital.com.br\/index.php?rest_route=\/wp\/v2\/posts"}],"about":[{"href":"https:\/\/diarioregionaldigital.com.br\/index.php?rest_route=\/wp\/v2\/types\/post"}],"author":[{"embeddable":true,"href":"https:\/\/diarioregionaldigital.com.br\/index.php?rest_route=\/wp\/v2\/users\/96"}],"replies":[{"embeddable":true,"href":"https:\/\/diarioregionaldigital.com.br\/index.php?rest_route=%2Fwp%2Fv2%2Fcomments&post=93402"}],"version-history":[{"count":0,"href":"https:\/\/diarioregionaldigital.com.br\/index.php?rest_route=\/wp\/v2\/posts\/93402\/revisions"}],"wp:attachment":[{"href":"https:\/\/diarioregionaldigital.com.br\/index.php?rest_route=%2Fwp%2Fv2%2Fmedia&parent=93402"}],"wp:term":[{"taxonomy":"category","embeddable":true,"href":"https:\/\/diarioregionaldigital.com.br\/index.php?rest_route=%2Fwp%2Fv2%2Fcategories&post=93402"},{"taxonomy":"post_tag","embeddable":true,"href":"https:\/\/diarioregionaldigital.com.br\/index.php?rest_route=%2Fwp%2Fv2%2Ftags&post=93402"}],"curies":[{"name":"wp","href":"https:\/\/api.w.org\/{rel}","templated":true}]}}