{"id":93401,"date":"2018-03-08T14:02:29","date_gmt":"2018-03-08T17:02:29","guid":{"rendered":"http:\/\/diarioregionaljf.com.br\/2018\/03\/08\/prefeitura-municipal-de-descoberto-pregao-presencial-n-005-2018\/"},"modified":"2018-08-13T20:38:12","modified_gmt":"2018-08-13T23:38:12","slug":"prefeitura-municipal-de-descoberto-pregao-presencial-n-005-2018","status":"publish","type":"post","link":"https:\/\/diarioregionaldigital.com.br\/?p=93401","title":{"rendered":"PREFEITURA MUNICIPAL DE DESCOBERTO Preg\u00e3o Presencial n\u00b0 005\/2018"},"content":{"rendered":"<p>PREFEITURA MUNICIPAL DE DESCOBERTO<\/p>\n<p>AVISO DE LICITA\u00c7\u00c3O<br \/>Licita\u00e7\u00e3o n\u00b0 014\/2018<br \/>Modalidade de Preg\u00e3o Presencial n\u00b0 005\/2018<br \/>O Munic\u00edpio de DESCOBERTO, na forma da lei, faz saber a todos quantos o presente edital virem, ou dele conhecimento tiverem, que a partir das 14:00h do dia 21 de mar\u00e7o de 2018, na Prefeitura Municipal na sala da comiss\u00e3o de licita\u00e7\u00e3o, localizada na rua CAPIT\u00c3O BAS\u00cdLIO, n\u00b0 39, bairro CENTRO, munic\u00edpio de DESCOBERTO, ser\u00e1 realizada licita\u00e7\u00e3o para a CONTRATA\u00c7\u00c3O DE EMPRESA PARA PRESTA\u00c7\u00c3O DE SERVI\u00c7OS ESPECIALIZADO DE AULAS DE VIOL\u00c3O E MUSICALIZA\u00c7\u00c3O PARA AS TURMAS DE 5\u00ba ANO DO ENSINO FUNDAMENTAL DAS ESCOLAS MUNICIPAIS, tipo Menor Pre\u00e7o por Item, conforme consta no edital que se encontra a disposi\u00e7\u00e3o de todos os interessados na Prefeitura Municipal, onde poder\u00e3o obt\u00ea-lo. Para conhecimento de todos os interessados, expediu-se o presente que ser\u00e1 afixado no lugar de costume, publicando-se na forma da lei. DESCOBERTO, 7 de mar\u00e7o de 2018.<\/p>\n","protected":false},"excerpt":{"rendered":"<p>PREFEITURA MUNICIPAL DE DESCOBERTO AVISO DE LICITA\u00c7\u00c3OLicita\u00e7\u00e3o n\u00b0 014\/2018Modalidade de Preg\u00e3o Presencial n\u00b0 005\/2018O Munic\u00edpio de DESCOBERTO, na forma da lei, faz saber a todos quantos o presente edital virem, ou dele conhecimento tiverem, que a partir das 14:00h do dia 21 de mar\u00e7o de 2018, na Prefeitura Municipal na sala da comiss\u00e3o de licita\u00e7\u00e3o, [&hellip;]<\/p>\n","protected":false},"author":96,"featured_media":0,"comment_status":"closed","ping_status":"closed","sticky":false,"template":"","format":"standard","meta":{"footnotes":""},"categories":[307],"tags":[],"class_list":["post-93401","post","type-post","status-publish","format-standard","hentry","category-editais"],"_links":{"self":[{"href":"https:\/\/diarioregionaldigital.com.br\/index.php?rest_route=\/wp\/v2\/posts\/93401","targetHints":{"allow":["GET"]}}],"collection":[{"href":"https:\/\/diarioregionaldigital.com.br\/index.php?rest_route=\/wp\/v2\/posts"}],"about":[{"href":"https:\/\/diarioregionaldigital.com.br\/index.php?rest_route=\/wp\/v2\/types\/post"}],"author":[{"embeddable":true,"href":"https:\/\/diarioregionaldigital.com.br\/index.php?rest_route=\/wp\/v2\/users\/96"}],"replies":[{"embeddable":true,"href":"https:\/\/diarioregionaldigital.com.br\/index.php?rest_route=%2Fwp%2Fv2%2Fcomments&post=93401"}],"version-history":[{"count":0,"href":"https:\/\/diarioregionaldigital.com.br\/index.php?rest_route=\/wp\/v2\/posts\/93401\/revisions"}],"wp:attachment":[{"href":"https:\/\/diarioregionaldigital.com.br\/index.php?rest_route=%2Fwp%2Fv2%2Fmedia&parent=93401"}],"wp:term":[{"taxonomy":"category","embeddable":true,"href":"https:\/\/diarioregionaldigital.com.br\/index.php?rest_route=%2Fwp%2Fv2%2Fcategories&post=93401"},{"taxonomy":"post_tag","embeddable":true,"href":"https:\/\/diarioregionaldigital.com.br\/index.php?rest_route=%2Fwp%2Fv2%2Ftags&post=93401"}],"curies":[{"name":"wp","href":"https:\/\/api.w.org\/{rel}","templated":true}]}}