{"id":93400,"date":"2018-03-08T14:00:43","date_gmt":"2018-03-08T17:00:43","guid":{"rendered":"http:\/\/diarioregionaljf.com.br\/2018\/03\/08\/edital-de-convocacao-uniodonto\/"},"modified":"2018-08-13T20:38:13","modified_gmt":"2018-08-13T23:38:13","slug":"edital-de-convocacao-uniodonto","status":"publish","type":"post","link":"https:\/\/diarioregionaldigital.com.br\/?p=93400","title":{"rendered":"EDITAL DE CONVOCA\u00c7\u00c3O &#8211; UNIODONTO"},"content":{"rendered":"<p style=\"text-align: center;\"><strong>Edital de Convoca\u00e7\u00e3o<\/strong><br \/><strong>Assembl\u00e9ia Geral Ordin\u00e1ria e Extraordin\u00e1ria<\/strong><br \/><strong>21\/03\/2018<\/strong><\/p>\n<p>A Presidente da Uniodonto Juiz de Fora Sociedade Cooperativa de Sa\u00fade Odontol\u00f3gica Ltda., no uso de suas atribui\u00e7\u00f5es que lhe confere o art. 20 do Estatuto Social, convoca os senhores associados a se reunirem em Assembl\u00e9ia Geral Ordin\u00e1ria e Extraordin\u00e1ria a ser realizada em 21 de mar\u00e7o de 2018 \u2013 (quarta-feira), no Hotel Serrano situado na Santa Rita, 399 \u2013 Centro \u2013 Juiz de Fora (MG), \u00e0s 17:30 (dezessete horas e trinta minutos), em primeira convoca\u00e7\u00e3o, com a presen\u00e7a de 2\/3 (dois ter\u00e7os) do n\u00famero de associados; em segunda convoca\u00e7\u00e3o, \u00e0s 18:30 (dezoito horas e trinta minutos) com a presen\u00e7a de metade e mais um associados, ou ainda, em terceira convoca\u00e7\u00e3o, \u00e0s 19:30 (dezenove horas e trinta minutos), com presen\u00e7a de no m\u00ednimo 10 (dez) associados para deliberarem sobre a seguinte ordem do dia:<\/p>\n<p>PAUTA A: AGO 1. Presta\u00e7\u00e3o de contas relativas ao exerc\u00edcio social encerrado em 31 de dezembro de 2017;<br \/>2. Destina\u00e7\u00e3o das sobras ou rateio das perdas apuradas;<br \/>3. Deliberar sobre planejamento para 2018;<br \/>4. Fixa\u00e7\u00e3o de honor\u00e1rios para Diretoria Executiva e c\u00e9dula de presen\u00e7a para o Conselho de Administra\u00e7\u00e3o e Fiscal;<br \/>5. Elei\u00e7\u00e3o dos membros do Conselho Fiscal.<\/p>\n<p>PAUTA B: AGE 1. Regulariza\u00e7\u00e3o do nome da cooperativa;<br \/>2. Reajuste da tabela de procedimentos 2018;<br \/>3. Sistema Sobreaviso e Plant\u00e3o 24 h;<br \/>3. Assuntos Gerais.<\/p>\n<p>Para os efeitos legais e estatut\u00e1rios declara-se que o n\u00famero de associados da Uniodonto Juiz de Fora nesta data \u00e9 de 100 (cem) cooperados.<\/p>\n<p>Juiz de Fora (MG), 02 de mar\u00e7o de 2018.<br \/>Dra. Magali de Freitas Maciel<br \/>Diretora Presidente<\/p>\n","protected":false},"excerpt":{"rendered":"<p>Edital de Convoca\u00e7\u00e3oAssembl\u00e9ia Geral Ordin\u00e1ria e Extraordin\u00e1ria21\/03\/2018 A Presidente da Uniodonto Juiz de Fora Sociedade Cooperativa de Sa\u00fade Odontol\u00f3gica Ltda., no uso de suas atribui\u00e7\u00f5es que lhe confere o art. 20 do Estatuto Social, convoca os senhores associados a se reunirem em Assembl\u00e9ia Geral Ordin\u00e1ria e Extraordin\u00e1ria a ser realizada em 21 de mar\u00e7o de [&hellip;]<\/p>\n","protected":false},"author":96,"featured_media":0,"comment_status":"closed","ping_status":"closed","sticky":false,"template":"","format":"standard","meta":{"footnotes":""},"categories":[307],"tags":[],"class_list":["post-93400","post","type-post","status-publish","format-standard","hentry","category-editais"],"_links":{"self":[{"href":"https:\/\/diarioregionaldigital.com.br\/index.php?rest_route=\/wp\/v2\/posts\/93400","targetHints":{"allow":["GET"]}}],"collection":[{"href":"https:\/\/diarioregionaldigital.com.br\/index.php?rest_route=\/wp\/v2\/posts"}],"about":[{"href":"https:\/\/diarioregionaldigital.com.br\/index.php?rest_route=\/wp\/v2\/types\/post"}],"author":[{"embeddable":true,"href":"https:\/\/diarioregionaldigital.com.br\/index.php?rest_route=\/wp\/v2\/users\/96"}],"replies":[{"embeddable":true,"href":"https:\/\/diarioregionaldigital.com.br\/index.php?rest_route=%2Fwp%2Fv2%2Fcomments&post=93400"}],"version-history":[{"count":0,"href":"https:\/\/diarioregionaldigital.com.br\/index.php?rest_route=\/wp\/v2\/posts\/93400\/revisions"}],"wp:attachment":[{"href":"https:\/\/diarioregionaldigital.com.br\/index.php?rest_route=%2Fwp%2Fv2%2Fmedia&parent=93400"}],"wp:term":[{"taxonomy":"category","embeddable":true,"href":"https:\/\/diarioregionaldigital.com.br\/index.php?rest_route=%2Fwp%2Fv2%2Fcategories&post=93400"},{"taxonomy":"post_tag","embeddable":true,"href":"https:\/\/diarioregionaldigital.com.br\/index.php?rest_route=%2Fwp%2Fv2%2Ftags&post=93400"}],"curies":[{"name":"wp","href":"https:\/\/api.w.org\/{rel}","templated":true}]}}