{"id":93397,"date":"2018-03-08T13:45:40","date_gmt":"2018-03-08T16:45:40","guid":{"rendered":"http:\/\/diarioregionaljf.com.br\/2018\/03\/08\/cartorio-benfica-08-03-2018\/"},"modified":"2018-08-13T20:38:13","modified_gmt":"2018-08-13T23:38:13","slug":"cartorio-benfica-08-03-2018","status":"publish","type":"post","link":"https:\/\/diarioregionaldigital.com.br\/?p=93397","title":{"rendered":"CART\u00d3RIO BENFICA 08\/03\/2018"},"content":{"rendered":"<p style=\"text-align: center;\"><strong>REP\u00daBLICA FEDERATIVA DO BRASIL<\/strong><br \/><strong>ESTADO DE MINAS GERAIS<\/strong><\/p>\n<p style=\"text-align: center;\"><strong>Cart\u00f3rio de Registro Civil 3\u00ba Subdistrito &#8211; Juiz de Fora MG<\/strong><br \/><strong>Oficial Titular: Mariana Sad Albuquerque e Castro<\/strong><\/p>\n<p style=\"text-align: center;\"><strong>Rua Tom\u00e9 de Souza, 49 &#8211; Lj 03 Benfica<\/strong><br \/><strong>36090270 &#8211; Juiz de Fora &#8211; MG<\/strong><\/p>\n<p>Faz saber que pretendem casar-se:<\/p>\n<p>01 &#8211; DEUSDETE MOREIRA DE OLIVEIRA, resid\u00eancia Rua Henrique Dias, 927\/202, Benfica, Juiz de Fora-MG; e L\u00cdLIAN DE F\u00c1TIMA CABRAL, resid\u00eancia Rua Henrique Dias, 927\/202, Benfica, Juiz de Fora-MG<\/p>\n<p>02 &#8211; ELISEU CAETANO BALBINO, resid\u00eancia Rua Antonio Vieira Tavares, n\u00ba15, Dias Tavares, Juiz de Fora-MG; e RITA DE CASSIA DIAS CABRAL, resid\u00eancia Rua Antonio Vieira Tavares, n\u00ba15, Dias Tavares, Juiz de Fora-MG<\/p>\n<p>03 &#8211; ERIVELTON DE ALCANTARA SILVA, resid\u00eancia Rua Ernesto Pancini, n\u00ba70 cs 04, S\u00e3o Judas Tadeu, Juiz de Fora-MG; e EM\u00cdLIA HELENA DE ABREU, resid\u00eancia Rua Ernesto Pancini, n\u00ba70 cs 04, S\u00e3o Judas Tadeu, Juiz de Fora-MG<\/p>\n<p>04 &#8211; JOS\u00c9 CESAR PALERMO, resid\u00eancia Rua Sebasti\u00e3o Alves Marcato, 177, Nova Era, Juiz de Fora-MG; e ANGELA MARIA DE SOUZA, resid\u00eancia Rua Sebasti\u00e3o Alves Marcato, 177, Nova Era, Juiz de Fora-MG<\/p>\n<p>05 &#8211; LUIZ HUMBERTO DE OLIVEIRA CARPANEZ, resid\u00eancia Rua Recanto do Sol, n\u00ba148, Barreira do Triunfo, Juiz de Fora-MG; e LEILANE MARA PORTES ALVES, resid\u00eancia Rua Recanto do Sol, n\u00ba148, Barreira do Triunfo, Juiz de Fora-MG<\/p>\n<p>06- M\u00c1RCIO ANT\u00d4NIO BARBOZA, resid\u00eancia Rua Elp\u00eddio Jos\u00e9 dos Reis, 360, Nova Era, Juiz de Fora-MG; e ROSANA DE F\u00c1TIMA AQUINO DA SILVA, resid\u00eancia Rua Elp\u00eddio Jos\u00e9 dos Reis, 360, Nova Era, Juiz de Fora-MG<\/p>\n<p>07- ROBERLAN TELES DA FONSECA, resid\u00eancia Rua Professor Maur\u00edcio Macedo, n\u00ba100, bloco B, apto 503, Jardim Santa Isabel, Juiz de Fora-MG; e EVA DE OLIVEIRA FRAN\u00c7A, resid\u00eancia Rua Professor Maur\u00edcio Macedo, n\u00ba100, bloco B, apto 503, Jardim Santa Isabel, Juiz de Fora-MG<\/p>\n<p>08- ROBSON MILANY CARDOSO, resid\u00eancia Rua Guimar\u00e3es Junior, n\u00ba706, Nova Era II, Juiz de Fora-MG; e EDILENE MARIA DE CASTRO, resid\u00eancia Rua Guimar\u00e3es Junior, n\u00ba706, Nova Era II, Juiz de Fora-MG<\/p>\n<p>09 &#8211; VAGNER DA SILVA CASTRO SANTOS, resid\u00eancia Rua Osvaldo Pinto Ribeiro, n\u00ba88, Santa Cruz, Juiz de Fora-MG; e KATIA CILENE DA SILVA VIEIRA, resid\u00eancia Rua Osvaldo Pinto Ribeiro, n\u00ba88, Santa Cruz, Juiz de Fora-MG<\/p>\n<p>Os contraentes apresentaram os documentos exigidos pelo art.1525 do C\u00f3digo Civil Brasileiro. Se algu\u00e9m souber de algum impedimento, que os impe\u00e7am de se casar, que o fa\u00e7a na forma da Lei:<\/p>\n<p>Juiz de Fora, 07\/03\/2018<\/p>\n<p>MARIANA SAD ALBUQUERQUE E CASTRO<br \/>Oficial do Registro Civil<br \/>Cartosoft &#8211; Automa\u00e7\u00e3o de Cart\u00f3rios do Registro Civil www.cartosoft.com.br<\/p>\n","protected":false},"excerpt":{"rendered":"<p>REP\u00daBLICA FEDERATIVA DO BRASILESTADO DE MINAS GERAIS Cart\u00f3rio de Registro Civil 3\u00ba Subdistrito &#8211; Juiz de Fora MGOficial Titular: Mariana Sad Albuquerque e Castro Rua Tom\u00e9 de Souza, 49 &#8211; Lj 03 Benfica36090270 &#8211; Juiz de Fora &#8211; MG Faz saber que pretendem casar-se: 01 &#8211; DEUSDETE MOREIRA DE OLIVEIRA, resid\u00eancia Rua Henrique Dias, 927\/202, [&hellip;]<\/p>\n","protected":false},"author":96,"featured_media":0,"comment_status":"closed","ping_status":"closed","sticky":false,"template":"","format":"standard","meta":{"footnotes":""},"categories":[307],"tags":[],"class_list":["post-93397","post","type-post","status-publish","format-standard","hentry","category-editais"],"_links":{"self":[{"href":"https:\/\/diarioregionaldigital.com.br\/index.php?rest_route=\/wp\/v2\/posts\/93397","targetHints":{"allow":["GET"]}}],"collection":[{"href":"https:\/\/diarioregionaldigital.com.br\/index.php?rest_route=\/wp\/v2\/posts"}],"about":[{"href":"https:\/\/diarioregionaldigital.com.br\/index.php?rest_route=\/wp\/v2\/types\/post"}],"author":[{"embeddable":true,"href":"https:\/\/diarioregionaldigital.com.br\/index.php?rest_route=\/wp\/v2\/users\/96"}],"replies":[{"embeddable":true,"href":"https:\/\/diarioregionaldigital.com.br\/index.php?rest_route=%2Fwp%2Fv2%2Fcomments&post=93397"}],"version-history":[{"count":0,"href":"https:\/\/diarioregionaldigital.com.br\/index.php?rest_route=\/wp\/v2\/posts\/93397\/revisions"}],"wp:attachment":[{"href":"https:\/\/diarioregionaldigital.com.br\/index.php?rest_route=%2Fwp%2Fv2%2Fmedia&parent=93397"}],"wp:term":[{"taxonomy":"category","embeddable":true,"href":"https:\/\/diarioregionaldigital.com.br\/index.php?rest_route=%2Fwp%2Fv2%2Fcategories&post=93397"},{"taxonomy":"post_tag","embeddable":true,"href":"https:\/\/diarioregionaldigital.com.br\/index.php?rest_route=%2Fwp%2Fv2%2Ftags&post=93397"}],"curies":[{"name":"wp","href":"https:\/\/api.w.org\/{rel}","templated":true}]}}