{"id":93396,"date":"2018-03-08T12:54:08","date_gmt":"2018-03-08T15:54:08","guid":{"rendered":"http:\/\/diarioregionaljf.com.br\/2018\/03\/08\/lanchonete-sofre-duas-tentativas-de-assalto-seguidas-no-alto-dos-passos\/"},"modified":"2018-03-08T12:54:08","modified_gmt":"2018-03-08T15:54:08","slug":"lanchonete-sofre-duas-tentativas-de-assalto-seguidas-no-alto-dos-passos","status":"publish","type":"post","link":"https:\/\/diarioregionaldigital.com.br\/?p=93396","title":{"rendered":"Lanchonete sofre duas tentativas de assalto seguidas no Alto dos Passos"},"content":{"rendered":"<p>Uma lanchonete localizado no bairro alto dos Passos, zona Sul, sofreu duas tentativas de assalto seguidas na noite desta quarta-feira, 7.<\/p>\n<p>De acordo com o registro de ocorr\u00eancias da Pol\u00edcia Militar (PM), na primeira tentativa, o autor, de 28 anos, invadiu a lanchonete e armado com uma faca, realizou diversas amea\u00e7as contra uma funcion\u00e1ria, de 31 anos. Ap\u00f3s esta a\u00e7\u00e3o ele fugiu.<\/p>\n<p>Algum tempo depois o autor retornou a lanchonete fazendo novas amea\u00e7as. A PM foi acionada e prendeu o jovem, que foi conduzido para delegacia.<\/p>\n","protected":false},"excerpt":{"rendered":"<p>Uma lanchonete localizado no bairro alto dos Passos, zona Sul, sofreu duas tentativas de assalto seguidas na noite desta quarta-feira, 7. De acordo com o registro de ocorr\u00eancias da Pol\u00edcia Militar (PM), na primeira tentativa, o autor, de 28 anos, invadiu a lanchonete e armado com uma faca, realizou diversas amea\u00e7as contra uma funcion\u00e1ria, de [&hellip;]<\/p>\n","protected":false},"author":96,"featured_media":93395,"comment_status":"closed","ping_status":"closed","sticky":false,"template":"","format":"standard","meta":{"footnotes":""},"categories":[301],"tags":[],"class_list":["post-93396","post","type-post","status-publish","format-standard","has-post-thumbnail","hentry","category-artigos-policiais"],"_links":{"self":[{"href":"https:\/\/diarioregionaldigital.com.br\/index.php?rest_route=\/wp\/v2\/posts\/93396","targetHints":{"allow":["GET"]}}],"collection":[{"href":"https:\/\/diarioregionaldigital.com.br\/index.php?rest_route=\/wp\/v2\/posts"}],"about":[{"href":"https:\/\/diarioregionaldigital.com.br\/index.php?rest_route=\/wp\/v2\/types\/post"}],"author":[{"embeddable":true,"href":"https:\/\/diarioregionaldigital.com.br\/index.php?rest_route=\/wp\/v2\/users\/96"}],"replies":[{"embeddable":true,"href":"https:\/\/diarioregionaldigital.com.br\/index.php?rest_route=%2Fwp%2Fv2%2Fcomments&post=93396"}],"version-history":[{"count":0,"href":"https:\/\/diarioregionaldigital.com.br\/index.php?rest_route=\/wp\/v2\/posts\/93396\/revisions"}],"wp:featuredmedia":[{"embeddable":true,"href":"https:\/\/diarioregionaldigital.com.br\/index.php?rest_route=\/wp\/v2\/media\/93395"}],"wp:attachment":[{"href":"https:\/\/diarioregionaldigital.com.br\/index.php?rest_route=%2Fwp%2Fv2%2Fmedia&parent=93396"}],"wp:term":[{"taxonomy":"category","embeddable":true,"href":"https:\/\/diarioregionaldigital.com.br\/index.php?rest_route=%2Fwp%2Fv2%2Fcategories&post=93396"},{"taxonomy":"post_tag","embeddable":true,"href":"https:\/\/diarioregionaldigital.com.br\/index.php?rest_route=%2Fwp%2Fv2%2Ftags&post=93396"}],"curies":[{"name":"wp","href":"https:\/\/api.w.org\/{rel}","templated":true}]}}