{"id":93394,"date":"2018-03-08T12:21:16","date_gmt":"2018-03-08T15:21:16","guid":{"rendered":"http:\/\/diarioregionaljf.com.br\/2018\/03\/08\/mulher-e-assaltada-por-dupla-em-moto-apos-sair-de-banco\/"},"modified":"2018-03-08T12:21:16","modified_gmt":"2018-03-08T15:21:16","slug":"mulher-e-assaltada-por-dupla-em-moto-apos-sair-de-banco","status":"publish","type":"post","link":"https:\/\/diarioregionaldigital.com.br\/?p=93394","title":{"rendered":"Mulher \u00e9 assaltada por dupla em moto ap\u00f3s sair de banco"},"content":{"rendered":"<p>Uma mulher de 48 anos foi assaltada na tarde desta quarta-feira, 7, ap\u00f3s sair de uma ag\u00eancia banc\u00e1ria no bairro S\u00e3o Pedro, localizado na zona Oeste.<\/p>\n<p>De acordo com o registro de ocorr\u00eancias da Pol\u00edcia Militar (PM), a v\u00edtima sacou a quantia de R$1093 em moeda corrente, em um banco localizado na Rua Ant\u00f4nio Rufino.<\/p>\n<p>Ap\u00f3s sair da ag\u00eancia, a v\u00edtima foi abordada por dois indiv\u00edduos que chegaram em uma motocicleta e anunciaram o assalto. Eles roubaram a bolsa da mulher contendo o dinheiro sacado e documentos pessoais. Ap\u00f3s a a\u00e7\u00e3o fugiram na motocicleta.<\/p>\n<p>A PM foi acionada, buscas foram realizadas, mas nenhum suspeito foi localizado.<\/p>\n<p>A v\u00edtima recebeu as orienta\u00e7\u00f5es necess\u00e1rias.<\/p>\n","protected":false},"excerpt":{"rendered":"<p>Uma mulher de 48 anos foi assaltada na tarde desta quarta-feira, 7, ap\u00f3s sair de uma ag\u00eancia banc\u00e1ria no bairro S\u00e3o Pedro, localizado na zona Oeste. De acordo com o registro de ocorr\u00eancias da Pol\u00edcia Militar (PM), a v\u00edtima sacou a quantia de R$1093 em moeda corrente, em um banco localizado na Rua Ant\u00f4nio Rufino. [&hellip;]<\/p>\n","protected":false},"author":96,"featured_media":93393,"comment_status":"closed","ping_status":"closed","sticky":false,"template":"","format":"standard","meta":{"footnotes":""},"categories":[301],"tags":[],"class_list":["post-93394","post","type-post","status-publish","format-standard","has-post-thumbnail","hentry","category-artigos-policiais"],"_links":{"self":[{"href":"https:\/\/diarioregionaldigital.com.br\/index.php?rest_route=\/wp\/v2\/posts\/93394","targetHints":{"allow":["GET"]}}],"collection":[{"href":"https:\/\/diarioregionaldigital.com.br\/index.php?rest_route=\/wp\/v2\/posts"}],"about":[{"href":"https:\/\/diarioregionaldigital.com.br\/index.php?rest_route=\/wp\/v2\/types\/post"}],"author":[{"embeddable":true,"href":"https:\/\/diarioregionaldigital.com.br\/index.php?rest_route=\/wp\/v2\/users\/96"}],"replies":[{"embeddable":true,"href":"https:\/\/diarioregionaldigital.com.br\/index.php?rest_route=%2Fwp%2Fv2%2Fcomments&post=93394"}],"version-history":[{"count":0,"href":"https:\/\/diarioregionaldigital.com.br\/index.php?rest_route=\/wp\/v2\/posts\/93394\/revisions"}],"wp:featuredmedia":[{"embeddable":true,"href":"https:\/\/diarioregionaldigital.com.br\/index.php?rest_route=\/wp\/v2\/media\/93393"}],"wp:attachment":[{"href":"https:\/\/diarioregionaldigital.com.br\/index.php?rest_route=%2Fwp%2Fv2%2Fmedia&parent=93394"}],"wp:term":[{"taxonomy":"category","embeddable":true,"href":"https:\/\/diarioregionaldigital.com.br\/index.php?rest_route=%2Fwp%2Fv2%2Fcategories&post=93394"},{"taxonomy":"post_tag","embeddable":true,"href":"https:\/\/diarioregionaldigital.com.br\/index.php?rest_route=%2Fwp%2Fv2%2Ftags&post=93394"}],"curies":[{"name":"wp","href":"https:\/\/api.w.org\/{rel}","templated":true}]}}