{"id":93392,"date":"2018-03-08T01:29:42","date_gmt":"2018-03-08T04:29:42","guid":{"rendered":"http:\/\/diarioregionaljf.com.br\/2018\/03\/08\/mulher-bonita-e-mulher-que-luta\/"},"modified":"2018-03-08T01:29:42","modified_gmt":"2018-03-08T04:29:42","slug":"mulher-bonita-e-mulher-que-luta","status":"publish","type":"post","link":"https:\/\/diarioregionaldigital.com.br\/?p=93392","title":{"rendered":"Mulher bonita \u00e9 mulher que luta"},"content":{"rendered":"<h4 style=\"text-align: center;\">Hoje<\/h4>\n<p style=\"text-align: center;\">Usando o calend\u00e1rio para hoje, 8 de mar\u00e7o, o IDT &#8211; Juiz de Fora promove o Debate \u201cAtualidades na execu\u00e7\u00e3o fiscal e m\u00e9todos alternativos de cobran\u00e7a dos cr\u00e9ditos tribut\u00e1rios\u201d. A palestrante ser\u00e1 a Prof\u00aa Dr\u00aa Simone Cristine Ara\u00fajo Lopes. Como debatedoras, as advogadas D\u00e9bora Giotti de Paula e Ana Let\u00edcia Salom\u00e3o e Ribeiro. Ser\u00e1 de 08h \u00e0s 10h, na Rua Jo\u00e3o Pinheiro, n\u00ba 173 (5\u00ba andar).<\/p>\n<p>&nbsp;<\/p>\n<h4 style=\"text-align: center;\">Caos<\/h4>\n<p style=\"text-align: center;\">O retorno \u00e0s aulas da UFJF, impactou a fluidez do tr\u00e2nsito em ruas e corredores de tr\u00e1fego na cidade, principalmente nos hor\u00e1rios de pico. Na Cidade Alta, as reten\u00e7\u00f5es s\u00e3o comuns na Avenida Presidente Costa e Silva e Rua Jos\u00e9 Louren\u00e7o Kelmer. Os trabalhos de orienta\u00e7\u00e3o e fiscaliza\u00e7\u00e3o do tr\u00e1fego s\u00e3o feitos pelos agentes.<\/p>\n<p>&nbsp;<\/p>\n<h4 style=\"text-align: center;\">Acordo<\/h4>\n<p style=\"text-align: center;\">Em busca de lideran\u00e7a no pa\u00eds, a fus\u00e3o da Votarantim Siderurgia e a ArcelorMittal cria expectativa no mercado para que a Arcelor conclua a venda de ativos e assuma o comando da Votorantim at\u00e9 o segundo trimestre deste ano, na produ\u00e7\u00e3o de a\u00e7os longos no pa\u00eds. A Votorantim passa a ser acionista minorit\u00e1ria no capital do grupo.<\/p>\n<p>&nbsp;<\/p>\n<h4 style=\"text-align: center;\">Dim-dim<\/h4>\n<p style=\"text-align: center;\">Embora menor que os R$44 bilh\u00f5es liberados para saque das contas inativas do FGTS no passado, o dinheiro das indeniza\u00e7\u00f5es que ser\u00e3o pagas pelos bancos aos poupadores que sofreram perdas com os planos econ\u00f4micos dos anos 1980 e 1990, estimado em R$12 bilh\u00f5es, deve beneficiar especialmente ao consumo. Fique de olho!<\/p>\n<p>&nbsp;<\/p>\n<h4 style=\"text-align: center;\">&nbsp;<\/h4>\n<hr \/>\n<h4 style=\"text-align: center;\">Mulher bonita \u00e9 mulher que luta<\/h4>\n<p>&nbsp;<\/p>\n<p>Com poder, coragem, tend\u00eancia e mulher brasileira,&nbsp;na 5\u00aa feira, 8 de mar\u00e7o, \u00e9 comemorado&nbsp;o Dia Internacional da Mulher. Depois de anos&nbsp;submissa, a mulher ganha seu lugar de destaque&nbsp;e muitas acima de qualquer empoderamento,&nbsp;elas acreditam ainda em educa\u00e7\u00e3o, a cultura&nbsp;dos jovens e a realidade brasileira. Coisa de&nbsp;mulher, coisa de gente. Hoje destacamos uma&nbsp;sele\u00e7\u00e3o de mulheres lindas que enfeitam minhas&nbsp;colunas sociais. Confiram.<\/p>\n<p>&nbsp;<\/p>\n<p><img loading=\"lazy\" decoding=\"async\" class=\" size-full wp-image-93378\" src=\"http:\/\/diarioregionaljf.com.br\/wp-content\/uploads\/2018\/03\/diario-int-24865-1.jpg\" alt=\"fotoa.jpg\" width=\"547\" height=\"362\" style=\"display: block; margin-left: auto; margin-right: auto;\" srcset=\"https:\/\/diarioregionaldigital.com.br\/wp-content\/uploads\/2018\/03\/diario-int-24865-1.jpg 680w, https:\/\/diarioregionaldigital.com.br\/wp-content\/uploads\/2018\/03\/diario-int-24865-1-300x199.jpg 300w, https:\/\/diarioregionaldigital.com.br\/wp-content\/uploads\/2018\/03\/diario-int-24865-1-360x238.jpg 360w\" sizes=\"auto, (max-width: 547px) 100vw, 547px\" \/><\/p>\n<p style=\"text-align: center;\">Mulheres-rainha, Neuza Marsicano, Ivete Gomes e a presidente do Sircom Jane Arag\u00e3o<\/p>\n<p>&nbsp;<\/p>\n<p style=\"text-align: center;\"><img loading=\"lazy\" decoding=\"async\" class=\" size-full wp-image-93379\" src=\"http:\/\/diarioregionaljf.com.br\/wp-content\/uploads\/2018\/03\/diario-int-24865-2.jpg\" alt=\"fotob.jpg\" width=\"507\" height=\"450\" srcset=\"https:\/\/diarioregionaldigital.com.br\/wp-content\/uploads\/2018\/03\/diario-int-24865-2.jpg 507w, https:\/\/diarioregionaldigital.com.br\/wp-content\/uploads\/2018\/03\/diario-int-24865-2-300x266.jpg 300w, https:\/\/diarioregionaldigital.com.br\/wp-content\/uploads\/2018\/03\/diario-int-24865-2-360x320.jpg 360w\" sizes=\"auto, (max-width: 507px) 100vw, 507px\" \/><\/p>\n<p style=\"text-align: center;\">A classe e eleg\u00e2ncia de Jacqueline Vianna, Patr\u00edcia Alvim e Val\u00e9ria Cruz<\/p>\n<p>&nbsp;<\/p>\n<p style=\"text-align: justify;\"><img loading=\"lazy\" decoding=\"async\" class=\" size-full wp-image-93380\" src=\"http:\/\/diarioregionaljf.com.br\/wp-content\/uploads\/2018\/03\/diario-int-24865-3.jpg\" alt=\"fotod.jpg\" style=\"display: block; margin-left: auto; margin-right: auto;\" width=\"304\" height=\"450\" srcset=\"https:\/\/diarioregionaldigital.com.br\/wp-content\/uploads\/2018\/03\/diario-int-24865-3.jpg 304w, https:\/\/diarioregionaldigital.com.br\/wp-content\/uploads\/2018\/03\/diario-int-24865-3-203x300.jpg 203w\" sizes=\"auto, (max-width: 304px) 100vw, 304px\" \/><\/p>\n<p style=\"text-align: center;\">As poderosas Ivanir Ferreira e Dani Verpel<\/p>\n<p>&nbsp;<\/p>\n<p style=\"text-align: justify;\"><img loading=\"lazy\" decoding=\"async\" class=\" size-full wp-image-93381\" src=\"http:\/\/diarioregionaljf.com.br\/wp-content\/uploads\/2018\/03\/diario-int-24865-4.jpg\" alt=\"fotoe.jpg\" style=\"display: block; margin-left: auto; margin-right: auto;\" width=\"300\" height=\"450\" srcset=\"https:\/\/diarioregionaldigital.com.br\/wp-content\/uploads\/2018\/03\/diario-int-24865-4.jpg 300w, https:\/\/diarioregionaldigital.com.br\/wp-content\/uploads\/2018\/03\/diario-int-24865-4-200x300.jpg 200w\" sizes=\"auto, (max-width: 300px) 100vw, 300px\" \/><\/p>\n<p style=\"text-align: center;\">Mulheres chiques e finas, Cl\u00e1udia Matos e Cristiane Estercian<\/p>\n<p>&nbsp;<\/p>\n<p style=\"text-align: justify;\"><img loading=\"lazy\" decoding=\"async\" class=\" size-full wp-image-93382\" src=\"http:\/\/diarioregionaljf.com.br\/wp-content\/uploads\/2018\/03\/diario-int-24865-5.jpg\" alt=\"fotof.jpg\" style=\"display: block; margin-left: auto; margin-right: auto;\" width=\"299\" height=\"450\" srcset=\"https:\/\/diarioregionaldigital.com.br\/wp-content\/uploads\/2018\/03\/diario-int-24865-5.jpg 299w, https:\/\/diarioregionaldigital.com.br\/wp-content\/uploads\/2018\/03\/diario-int-24865-5-199x300.jpg 199w\" sizes=\"auto, (max-width: 299px) 100vw, 299px\" \/><\/p>\n<p style=\"text-align: center;\">A empreendedora 5 estrelas, Aline Bissoli Tolomelli<\/p>\n<p>&nbsp;<\/p>\n<p style=\"text-align: justify;\"><img loading=\"lazy\" decoding=\"async\" class=\" size-full wp-image-93383\" src=\"http:\/\/diarioregionaljf.com.br\/wp-content\/uploads\/2018\/03\/diario-int-24865-6.jpg\" alt=\"fotog.jpg\" style=\"display: block; margin-left: auto; margin-right: auto;\" width=\"306\" height=\"450\" srcset=\"https:\/\/diarioregionaldigital.com.br\/wp-content\/uploads\/2018\/03\/diario-int-24865-6.jpg 306w, https:\/\/diarioregionaldigital.com.br\/wp-content\/uploads\/2018\/03\/diario-int-24865-6-204x300.jpg 204w\" sizes=\"auto, (max-width: 306px) 100vw, 306px\" \/><\/p>\n<p style=\"text-align: center;\">Mulher alto astral do Card\u00e1pio Mineiro, Beth Urgal<\/p>\n<p>&nbsp;<\/p>\n<p><img loading=\"lazy\" decoding=\"async\" class=\" size-full wp-image-93384\" src=\"http:\/\/diarioregionaljf.com.br\/wp-content\/uploads\/2018\/03\/diario-int-24865-7.jpg\" alt=\"fotoi.jpg\" width=\"464\" height=\"312\" style=\"display: block; margin-left: auto; margin-right: auto;\" srcset=\"https:\/\/diarioregionaldigital.com.br\/wp-content\/uploads\/2018\/03\/diario-int-24865-7.jpg 669w, https:\/\/diarioregionaldigital.com.br\/wp-content\/uploads\/2018\/03\/diario-int-24865-7-300x202.jpg 300w, https:\/\/diarioregionaldigital.com.br\/wp-content\/uploads\/2018\/03\/diario-int-24865-7-360x242.jpg 360w\" sizes=\"auto, (max-width: 464px) 100vw, 464px\" \/><\/p>\n<p style=\"text-align: center;\">Mulheres que fazem a diferen\u00e7a, Adriana Pereira, Vera Alice Tam, Vani Pedro e Sarah Costa<\/p>\n<p>&nbsp;<\/p>\n<p style=\"text-align: justify;\"><img loading=\"lazy\" decoding=\"async\" class=\" size-full wp-image-93385\" src=\"http:\/\/diarioregionaljf.com.br\/wp-content\/uploads\/2018\/03\/diario-int-24865-8.jpg\" alt=\"fotoj.jpg\" style=\"display: block; margin-left: auto; margin-right: auto;\" width=\"303\" height=\"450\" srcset=\"https:\/\/diarioregionaldigital.com.br\/wp-content\/uploads\/2018\/03\/diario-int-24865-8.jpg 303w, https:\/\/diarioregionaldigital.com.br\/wp-content\/uploads\/2018\/03\/diario-int-24865-8-202x300.jpg 202w\" sizes=\"auto, (max-width: 303px) 100vw, 303px\" \/><\/p>\n<p style=\"text-align: center;\">Artista-pl\u00e1stica de sucesso internacional, Nequitz Miguel<\/p>\n<p>&nbsp;<\/p>\n<p><img loading=\"lazy\" decoding=\"async\" class=\" size-full wp-image-93386\" src=\"http:\/\/diarioregionaljf.com.br\/wp-content\/uploads\/2018\/03\/diario-int-24865-9.jpg\" alt=\"fotol.jpg\" width=\"447\" height=\"297\" style=\"display: block; margin-left: auto; margin-right: auto;\" srcset=\"https:\/\/diarioregionaldigital.com.br\/wp-content\/uploads\/2018\/03\/diario-int-24865-9.jpg 678w, https:\/\/diarioregionaldigital.com.br\/wp-content\/uploads\/2018\/03\/diario-int-24865-9-300x199.jpg 300w, https:\/\/diarioregionaldigital.com.br\/wp-content\/uploads\/2018\/03\/diario-int-24865-9-360x239.jpg 360w\" sizes=\"auto, (max-width: 447px) 100vw, 447px\" \/><\/p>\n<p style=\"text-align: center;\">Eternas locomotivas desta coluna, as irm\u00e3s Nayara Neto e Nayane Netto<\/p>\n<p>&nbsp;<\/p>\n<p><img loading=\"lazy\" decoding=\"async\" class=\" size-full wp-image-93387\" src=\"http:\/\/diarioregionaljf.com.br\/wp-content\/uploads\/2018\/03\/diario-int-24865-10.jpg\" alt=\"fotom.jpg\" width=\"350\" height=\"351\" style=\"display: block; margin-left: auto; margin-right: auto;\" srcset=\"https:\/\/diarioregionaldigital.com.br\/wp-content\/uploads\/2018\/03\/diario-int-24865-10.jpg 449w, https:\/\/diarioregionaldigital.com.br\/wp-content\/uploads\/2018\/03\/diario-int-24865-10-150x150.jpg 150w, https:\/\/diarioregionaldigital.com.br\/wp-content\/uploads\/2018\/03\/diario-int-24865-10-300x300.jpg 300w, https:\/\/diarioregionaldigital.com.br\/wp-content\/uploads\/2018\/03\/diario-int-24865-10-180x180.jpg 180w, https:\/\/diarioregionaldigital.com.br\/wp-content\/uploads\/2018\/03\/diario-int-24865-10-120x120.jpg 120w, https:\/\/diarioregionaldigital.com.br\/wp-content\/uploads\/2018\/03\/diario-int-24865-10-360x361.jpg 360w, https:\/\/diarioregionaldigital.com.br\/wp-content\/uploads\/2018\/03\/diario-int-24865-10-80x80.jpg 80w\" sizes=\"auto, (max-width: 350px) 100vw, 350px\" \/><\/p>\n<p style=\"text-align: center;\">Beleza e charme de Miss com J\u00falia Horta<\/p>\n<p>&nbsp;<\/p>\n<p><img loading=\"lazy\" decoding=\"async\" class=\" size-full wp-image-93388\" src=\"http:\/\/diarioregionaljf.com.br\/wp-content\/uploads\/2018\/03\/diario-int-24865-11.jpg\" alt=\"foton.jpg\" width=\"401\" height=\"274\" style=\"display: block; margin-left: auto; margin-right: auto;\" srcset=\"https:\/\/diarioregionaldigital.com.br\/wp-content\/uploads\/2018\/03\/diario-int-24865-11.jpg 658w, https:\/\/diarioregionaldigital.com.br\/wp-content\/uploads\/2018\/03\/diario-int-24865-11-300x205.jpg 300w, https:\/\/diarioregionaldigital.com.br\/wp-content\/uploads\/2018\/03\/diario-int-24865-11-360x246.jpg 360w\" sizes=\"auto, (max-width: 401px) 100vw, 401px\" \/><\/p>\n<p style=\"text-align: center;\">Mulheres 2018, as irm\u00e3s Edna, Eloisa e Eliane Eberle, com a elegante Maria Rita Gomes da Rocha<\/p>\n<p>&nbsp;<\/p>\n<p><img loading=\"lazy\" decoding=\"async\" class=\" size-full wp-image-93389\" src=\"http:\/\/diarioregionaljf.com.br\/wp-content\/uploads\/2018\/03\/diario-int-24865-12.jpg\" alt=\"fotooo.jpg\" width=\"386\" height=\"319\" style=\"display: block; margin-left: auto; margin-right: auto;\" srcset=\"https:\/\/diarioregionaldigital.com.br\/wp-content\/uploads\/2018\/03\/diario-int-24865-12.jpg 544w, https:\/\/diarioregionaldigital.com.br\/wp-content\/uploads\/2018\/03\/diario-int-24865-12-300x248.jpg 300w, https:\/\/diarioregionaldigital.com.br\/wp-content\/uploads\/2018\/03\/diario-int-24865-12-360x298.jpg 360w\" sizes=\"auto, (max-width: 386px) 100vw, 386px\" \/><\/p>\n<p style=\"text-align: center;\">Eduardo Gomes homenageando Teresa Sarchis, Myrliane Le\u00e3o e Maria Pires<\/p>\n<p>&nbsp;<\/p>\n<p style=\"text-align: justify;\"><img loading=\"lazy\" decoding=\"async\" class=\" size-full wp-image-93390\" src=\"http:\/\/diarioregionaljf.com.br\/wp-content\/uploads\/2018\/03\/diario-int-24865-13.jpg\" alt=\"Gemma.jpg\" style=\"display: block; margin-left: auto; margin-right: auto;\" width=\"357\" height=\"450\" srcset=\"https:\/\/diarioregionaldigital.com.br\/wp-content\/uploads\/2018\/03\/diario-int-24865-13.jpg 357w, https:\/\/diarioregionaldigital.com.br\/wp-content\/uploads\/2018\/03\/diario-int-24865-13-238x300.jpg 238w\" sizes=\"auto, (max-width: 357px) 100vw, 357px\" \/><\/p>\n<p style=\"text-align: center;\">A incans\u00e1vel e bondosa diretora da Ascomcer, Gemma Brand\u00e3o<\/p>\n<p>&nbsp;<\/p>\n<p><img loading=\"lazy\" decoding=\"async\" class=\" size-full wp-image-93391\" src=\"http:\/\/diarioregionaljf.com.br\/wp-content\/uploads\/2018\/03\/diario-int-24865-14.jpg\" alt=\"fotoo.jpg\" width=\"453\" height=\"329\" style=\"display: block; margin-left: auto; margin-right: auto;\" srcset=\"https:\/\/diarioregionaldigital.com.br\/wp-content\/uploads\/2018\/03\/diario-int-24865-14.jpg 619w, https:\/\/diarioregionaldigital.com.br\/wp-content\/uploads\/2018\/03\/diario-int-24865-14-300x218.jpg 300w, https:\/\/diarioregionaldigital.com.br\/wp-content\/uploads\/2018\/03\/diario-int-24865-14-360x262.jpg 360w\" sizes=\"auto, (max-width: 453px) 100vw, 453px\" \/><\/p>\n<p style=\"text-align: center;\">Encerrando a coluna este colunista atrav\u00e9s delas homenageia todas as mulheres de Juiz de Fora com, M\u00e1rcia Figueiredo, Myrliane Le\u00e3o, Gra\u00e7a Loures, Elaine Cruz e S\u00f4nia Parma<\/p>\n<p>&nbsp;<\/p>\n<hr \/>\n<h4 style=\"text-align: center;\">&nbsp;FOTOSS\u00cdNTESE<\/h4>\n<p>&nbsp;<\/p>\n<ul>\n<li>Digno de todos os elogios, Gabriel Giovannini, de Juiz de Fora, representando a cidade de SP com sua Bike, faturou o primeiro lugar na Descida das Escadas de Santos (SP). Aplausos.<\/li>\n<\/ul>\n<p>&nbsp;<\/p>\n<ul>\n<li>Dignos de aplausos Fernanda Cruzik e S\u00e9rgio Neumann foram os respons\u00e1veis pela elabora\u00e7\u00e3o e execu\u00e7\u00e3o da exposi\u00e7\u00e3o \u201cCat\u00e1logo\u201d, na inaugura\u00e7\u00e3o do Teatro Paschoal Carlos Magno.<\/li>\n<\/ul>\n<p>&nbsp;<\/p>\n<ul>\n<li>Quem j\u00e1 formou e estuda para concurso, aguarda vaga e editais para a C\u00e2mara Municipal e Prefeitura de Juiz de Fora. Em Minas Gerais, h\u00e1 chances para Bombeiros, Cemig e Secretaria de Educa\u00e7\u00e3o. Fique de Olho!<\/li>\n<\/ul>\n<p>&nbsp;<\/p>\n<ul>\n<li>Usando como refer\u00eancia todas as noites de segunda-feira de mar\u00e7o, o projeto Sessions Brasador est\u00e1 apresentando o Pian\u00edssimo Jazz, com os talentosos Mauro Continentino e Catarina Moura.<\/li>\n<\/ul>\n<p>&nbsp;<\/p>\n<ul>\n<li>Eterna rainha da cocada preta, Beth Siqueira \u00e9 a nova porta-bandeira do Bloco do Beco, sucedendo a saudosa Nancy de Carvalho. Escolha cert\u00edssima.<\/li>\n<\/ul>\n<p>&nbsp;<\/p>\n<ul>\n<li>Ser\u00e1 nesta quinta-feira, 8 de mar\u00e7o, a noite de lan\u00e7amento da Cervejaria Golem (Antiga Rota 040), em Santa Terezinha. Convidando este colunista, Cristiam Nazareno Oliveira Rocha.<\/li>\n<\/ul>\n<p>&nbsp;<\/p>\n<ul>\n<li>O audit\u00f3rio do edif\u00edcio Le Quartier ser\u00e1 cen\u00e1rio para o curso de \u2018feng shui\u2019, no s\u00e1bado, 10, pilotado por Fabiano Teixeira.<\/li>\n<\/ul>\n<p>&nbsp;<\/p>\n<ul>\n<li>Cantores e m\u00fasicos da JF receberam muitos aplausos na inaugura\u00e7\u00e3o do Teatro Paschoal Carlos Magno. Dentre ele, o pianista Guilherme Veroneze, Jo\u00e3ozinho da Percuss\u00e3o, Alzira Bianco, Cacaudio, Ana Terra, Gisa Stenner e Dudu Lima Trio.<\/li>\n<\/ul>\n<p>&nbsp;<\/p>\n<ul>\n<li>Este colunista aponta os 10 mais elegantes na noite de inaugura\u00e7\u00e3o do Teatro Paschoal Carlos Magno: Elas: Jacqueline Vianna, Myrliane Le\u00e3o, Daniele Camacho Siqueira, Maria Teresa Jardim de Moraes e Andressa Dias. Eles, Prefeito Bruno Siqueira, Cesar Romero, Lucas Lorhan, Alexandre Jabour e \u00c2ngelo Oswaldo.<\/li>\n<\/ul>\n<p>&nbsp;<\/p>\n<ul>\n<li>Para captar: \u201cVenham at\u00e9 a borda, ele disse&#8230; Elas disseram: N\u00f3s temos medo. Venham at\u00e9 a borda, ele insistiu. Elas foram. Ele as empurrou&#8230; e elas voaram\u201d. (Guillaume Apolinaire). Bom dia.<\/li>\n<\/ul>\n","protected":false},"excerpt":{"rendered":"<p>Hoje Usando o calend\u00e1rio para hoje, 8 de mar\u00e7o, o IDT &#8211; Juiz de Fora promove o Debate \u201cAtualidades na execu\u00e7\u00e3o fiscal e m\u00e9todos alternativos de cobran\u00e7a dos cr\u00e9ditos tribut\u00e1rios\u201d. A palestrante ser\u00e1 a Prof\u00aa Dr\u00aa Simone Cristine Ara\u00fajo Lopes. Como debatedoras, as advogadas D\u00e9bora Giotti de Paula e Ana Let\u00edcia Salom\u00e3o e Ribeiro. Ser\u00e1 [&hellip;]<\/p>\n","protected":false},"author":96,"featured_media":93377,"comment_status":"closed","ping_status":"closed","sticky":false,"template":"","format":"standard","meta":{"footnotes":""},"categories":[264],"tags":[],"class_list":["post-93392","post","type-post","status-publish","format-standard","has-post-thumbnail","hentry","category-eduardo-gomes"],"_links":{"self":[{"href":"https:\/\/diarioregionaldigital.com.br\/index.php?rest_route=\/wp\/v2\/posts\/93392","targetHints":{"allow":["GET"]}}],"collection":[{"href":"https:\/\/diarioregionaldigital.com.br\/index.php?rest_route=\/wp\/v2\/posts"}],"about":[{"href":"https:\/\/diarioregionaldigital.com.br\/index.php?rest_route=\/wp\/v2\/types\/post"}],"author":[{"embeddable":true,"href":"https:\/\/diarioregionaldigital.com.br\/index.php?rest_route=\/wp\/v2\/users\/96"}],"replies":[{"embeddable":true,"href":"https:\/\/diarioregionaldigital.com.br\/index.php?rest_route=%2Fwp%2Fv2%2Fcomments&post=93392"}],"version-history":[{"count":0,"href":"https:\/\/diarioregionaldigital.com.br\/index.php?rest_route=\/wp\/v2\/posts\/93392\/revisions"}],"wp:featuredmedia":[{"embeddable":true,"href":"https:\/\/diarioregionaldigital.com.br\/index.php?rest_route=\/wp\/v2\/media\/93377"}],"wp:attachment":[{"href":"https:\/\/diarioregionaldigital.com.br\/index.php?rest_route=%2Fwp%2Fv2%2Fmedia&parent=93392"}],"wp:term":[{"taxonomy":"category","embeddable":true,"href":"https:\/\/diarioregionaldigital.com.br\/index.php?rest_route=%2Fwp%2Fv2%2Fcategories&post=93392"},{"taxonomy":"post_tag","embeddable":true,"href":"https:\/\/diarioregionaldigital.com.br\/index.php?rest_route=%2Fwp%2Fv2%2Ftags&post=93392"}],"curies":[{"name":"wp","href":"https:\/\/api.w.org\/{rel}","templated":true}]}}