{"id":93376,"date":"2018-03-08T00:41:10","date_gmt":"2018-03-08T03:41:10","guid":{"rendered":"http:\/\/diarioregionaljf.com.br\/2018\/03\/08\/pm-detem-homem-que-estaria-escondendo-drogas-para-o-filho-no-trabalho\/"},"modified":"2018-03-08T00:41:10","modified_gmt":"2018-03-08T03:41:10","slug":"pm-detem-homem-que-estaria-escondendo-drogas-para-o-filho-no-trabalho","status":"publish","type":"post","link":"https:\/\/diarioregionaldigital.com.br\/?p=93376","title":{"rendered":"PM det\u00e9m homem que estaria escondendo drogas para o filho no trabalho"},"content":{"rendered":"<p>Um homem, de aproximadamente 45 anos, foi preso por tr\u00e1fico de drogas na tarde dessa quarta-feira, 7, em uma f\u00e1brica no bairro Cer\u00e2mica, zona Norte. Segundo informa\u00e7\u00f5es preliminares da Pol\u00edcia Militar (PM), a corpora\u00e7\u00e3o foi informada de que o autor estaria escondendo entorpecentes na f\u00e1brica para o seu filho. Os dois trabalhavam no local.<\/p>\n<p>Ap\u00f3s buscas pela f\u00e1brica, os militares encontraram cerca de 25 tabletes de maconha e o homem foi detido. Al\u00e9m disso, o filho \u00e9 suspeito de ter cometido um roubo em uma lanchonete no bairro Vitorino Braga, regi\u00e3o Leste.<\/p>\n<p>&nbsp;<\/p>\n","protected":false},"excerpt":{"rendered":"<p>Um homem, de aproximadamente 45 anos, foi preso por tr\u00e1fico de drogas na tarde dessa quarta-feira, 7, em uma f\u00e1brica no bairro Cer\u00e2mica, zona Norte. Segundo informa\u00e7\u00f5es preliminares da Pol\u00edcia Militar (PM), a corpora\u00e7\u00e3o foi informada de que o autor estaria escondendo entorpecentes na f\u00e1brica para o seu filho. Os dois trabalhavam no local. Ap\u00f3s [&hellip;]<\/p>\n","protected":false},"author":96,"featured_media":93375,"comment_status":"closed","ping_status":"closed","sticky":false,"template":"","format":"standard","meta":{"footnotes":""},"categories":[301],"tags":[],"class_list":["post-93376","post","type-post","status-publish","format-standard","has-post-thumbnail","hentry","category-artigos-policiais"],"_links":{"self":[{"href":"https:\/\/diarioregionaldigital.com.br\/index.php?rest_route=\/wp\/v2\/posts\/93376","targetHints":{"allow":["GET"]}}],"collection":[{"href":"https:\/\/diarioregionaldigital.com.br\/index.php?rest_route=\/wp\/v2\/posts"}],"about":[{"href":"https:\/\/diarioregionaldigital.com.br\/index.php?rest_route=\/wp\/v2\/types\/post"}],"author":[{"embeddable":true,"href":"https:\/\/diarioregionaldigital.com.br\/index.php?rest_route=\/wp\/v2\/users\/96"}],"replies":[{"embeddable":true,"href":"https:\/\/diarioregionaldigital.com.br\/index.php?rest_route=%2Fwp%2Fv2%2Fcomments&post=93376"}],"version-history":[{"count":0,"href":"https:\/\/diarioregionaldigital.com.br\/index.php?rest_route=\/wp\/v2\/posts\/93376\/revisions"}],"wp:featuredmedia":[{"embeddable":true,"href":"https:\/\/diarioregionaldigital.com.br\/index.php?rest_route=\/wp\/v2\/media\/93375"}],"wp:attachment":[{"href":"https:\/\/diarioregionaldigital.com.br\/index.php?rest_route=%2Fwp%2Fv2%2Fmedia&parent=93376"}],"wp:term":[{"taxonomy":"category","embeddable":true,"href":"https:\/\/diarioregionaldigital.com.br\/index.php?rest_route=%2Fwp%2Fv2%2Fcategories&post=93376"},{"taxonomy":"post_tag","embeddable":true,"href":"https:\/\/diarioregionaldigital.com.br\/index.php?rest_route=%2Fwp%2Fv2%2Ftags&post=93376"}],"curies":[{"name":"wp","href":"https:\/\/api.w.org\/{rel}","templated":true}]}}