{"id":93368,"date":"2018-03-08T00:21:00","date_gmt":"2018-03-08T03:21:00","guid":{"rendered":"http:\/\/diarioregionaljf.com.br\/2018\/03\/08\/mulheres-ocupam-mais-da-metade-dos-cargos-de-chefia-na-camara-de-juiz-de-fora\/"},"modified":"2018-03-08T00:21:00","modified_gmt":"2018-03-08T03:21:00","slug":"mulheres-ocupam-mais-da-metade-dos-cargos-de-chefia-na-camara-de-juiz-de-fora","status":"publish","type":"post","link":"https:\/\/diarioregionaldigital.com.br\/?p=93368","title":{"rendered":"Mulheres ocupam mais da metade dos cargos de chefia na C\u00e2mara de Juiz de Fora"},"content":{"rendered":"<p>Dos 25 cargos de dire\u00e7\u00e3o, coordena\u00e7\u00e3o e chefia da C\u00e2mara Municipal, 14 s\u00e3o ocupados por mulheres. Esses postos de trabalho est\u00e3o espalhados por diversos setores da Casa, como a Diretoria Legislativa, a JFTV C\u00e2mara, o setor de Recursos Humanos e a equipe respons\u00e1vel pela seguran\u00e7a do Pal\u00e1cio Barbosa Lima.<\/p>\n<p>Para o presidente da C\u00e2mara, Rodrigo Mattos (PSDB), a grande discuss\u00e3o atual \u00e9 sobre o empoderamento das mulheres e a reivindica\u00e7\u00e3o de igualdade no mercado de trabalho. \u201cN\u00f3s sempre tentamos privilegiar isso na nossa gest\u00e3o, tanto que quase 60% dos cargos de chefia s\u00e3o ocupados por mulheres. Estamos dando exemplo: as mulheres t\u00eam que ser valorizadas e receber bons sal\u00e1rios, iguais ou maiores do que os homens\u201d, afirmou o presidente.<\/p>\n<p>\u201cA experi\u00eancia da C\u00e2mara com as mulheres na chefia \u00e9 extremamente positiva. O principal diferencial da mulher \u00e9 a facilidade em se adaptar \u00e0s mudan\u00e7as, conseguindo integrar informa\u00e7\u00f5es de todos os setores. N\u00e3o que isso seja um diferencial em rela\u00e7\u00e3o aos homens, mas a mulher se destacou por essas qualidades\u201d, afirma a diretora legislativa, Cida Fontes Cal.<\/p>\n<p>Cida come\u00e7ou a trabalhar na C\u00e2mara em 1994, prestando assessoria t\u00e9cnica e consultiva na \u00e1rea jur\u00eddica. Ap\u00f3s passagem pela Procuradoria do Legislativo, se tornou diretora geral da C\u00e2mara Municipal em 2008, setor que passou a se chamar Diretoria Legislativa depois de reestrutura\u00e7\u00e3o interna.<\/p>\n<p>A JFTV C\u00e2mara tamb\u00e9m \u00e9 comandada por uma mulher, a jornalista Renata Brum. Ela considera que o n\u00famero de mulheres exercendo cargos de chefia na C\u00e2mara \u00e9 sinal de reconhecimento. \u201cPor mais que a maioria dos cargos sejam de indica\u00e7\u00e3o, isso mostra que as pessoas t\u00eam acreditado mais no potencial das mulheres, em sua capacidade de realiza\u00e7\u00e3o\u201d, analisa Renata.<\/p>\n<p>Na JFTV C\u00e2mara, a jornalista comanda uma equipe formada, em sua maioria, por homens. \u201cN\u00e3o h\u00e1 dificuldade nenhuma de gest\u00e3o. Procuro sempre ser amiga da equipe e o respeito sempre impera em nossas rela\u00e7\u00f5es\u201d, afirma Renata.<\/p>\n<hr \/>\n<p>&nbsp;Fonte: Assessoria\/CMJF<\/p>\n","protected":false},"excerpt":{"rendered":"<p>Dos 25 cargos de dire\u00e7\u00e3o, coordena\u00e7\u00e3o e chefia da C\u00e2mara Municipal, 14 s\u00e3o ocupados por mulheres. Esses postos de trabalho est\u00e3o espalhados por diversos setores da Casa, como a Diretoria Legislativa, a JFTV C\u00e2mara, o setor de Recursos Humanos e a equipe respons\u00e1vel pela seguran\u00e7a do Pal\u00e1cio Barbosa Lima. Para o presidente da C\u00e2mara, Rodrigo [&hellip;]<\/p>\n","protected":false},"author":96,"featured_media":93367,"comment_status":"closed","ping_status":"closed","sticky":false,"template":"","format":"standard","meta":{"footnotes":""},"categories":[254],"tags":[],"class_list":["post-93368","post","type-post","status-publish","format-standard","has-post-thumbnail","hentry","category-politica"],"_links":{"self":[{"href":"https:\/\/diarioregionaldigital.com.br\/index.php?rest_route=\/wp\/v2\/posts\/93368","targetHints":{"allow":["GET"]}}],"collection":[{"href":"https:\/\/diarioregionaldigital.com.br\/index.php?rest_route=\/wp\/v2\/posts"}],"about":[{"href":"https:\/\/diarioregionaldigital.com.br\/index.php?rest_route=\/wp\/v2\/types\/post"}],"author":[{"embeddable":true,"href":"https:\/\/diarioregionaldigital.com.br\/index.php?rest_route=\/wp\/v2\/users\/96"}],"replies":[{"embeddable":true,"href":"https:\/\/diarioregionaldigital.com.br\/index.php?rest_route=%2Fwp%2Fv2%2Fcomments&post=93368"}],"version-history":[{"count":0,"href":"https:\/\/diarioregionaldigital.com.br\/index.php?rest_route=\/wp\/v2\/posts\/93368\/revisions"}],"wp:featuredmedia":[{"embeddable":true,"href":"https:\/\/diarioregionaldigital.com.br\/index.php?rest_route=\/wp\/v2\/media\/93367"}],"wp:attachment":[{"href":"https:\/\/diarioregionaldigital.com.br\/index.php?rest_route=%2Fwp%2Fv2%2Fmedia&parent=93368"}],"wp:term":[{"taxonomy":"category","embeddable":true,"href":"https:\/\/diarioregionaldigital.com.br\/index.php?rest_route=%2Fwp%2Fv2%2Fcategories&post=93368"},{"taxonomy":"post_tag","embeddable":true,"href":"https:\/\/diarioregionaldigital.com.br\/index.php?rest_route=%2Fwp%2Fv2%2Ftags&post=93368"}],"curies":[{"name":"wp","href":"https:\/\/api.w.org\/{rel}","templated":true}]}}