{"id":93366,"date":"2018-03-08T00:16:35","date_gmt":"2018-03-08T03:16:35","guid":{"rendered":"http:\/\/diarioregionaljf.com.br\/2018\/03\/08\/secretaria-de-agropecuaria-e-abastecimento-define-torneios-leiteiros-para-2018\/"},"modified":"2018-03-08T00:16:35","modified_gmt":"2018-03-08T03:16:35","slug":"secretaria-de-agropecuaria-e-abastecimento-define-torneios-leiteiros-para-2018","status":"publish","type":"post","link":"https:\/\/diarioregionaldigital.com.br\/?p=93366","title":{"rendered":"Secretaria de Agropecu\u00e1ria e Abastecimento define torneios leiteiros para 2018"},"content":{"rendered":"<p>A Secretaria de Agropecu\u00e1ria e Abastecimento (SAA) da Prefeitura de Juiz de Fora realizou na tarde desta quarta-feira, 7, a primeira reuni\u00e3o com representantes das comiss\u00f5es organizadoras dos torneios leiteiros e festas do cavalo da cidade. O encontro serviu para discuss\u00e3o das datas e da infraestrutura do \u201cCircuito Eventos Rurais\u201d da cidade.<\/p>\n<p>A previs\u00e3o \u00e9 de que o primeiro torneio ocorra em maio e o circuito se estenda at\u00e9 agosto. Os torneios s\u00e3o considerados os eventos rurais de maior expressividade do munic\u00edpio e t\u00eam o objetivo de valorizar o produtor rural e incentiv\u00e1-lo a investir na qualidade do leite. J\u00e1 as festas do cavalo consistem em encontro de cavaleiros com ou sem a realiza\u00e7\u00e3o de provas funcionais de marcha, tambor e baliza.<\/p>\n<hr \/>\n<p>&nbsp;Fonte: Assessoria\/PJF<\/p>\n","protected":false},"excerpt":{"rendered":"<p>A Secretaria de Agropecu\u00e1ria e Abastecimento (SAA) da Prefeitura de Juiz de Fora realizou na tarde desta quarta-feira, 7, a primeira reuni\u00e3o com representantes das comiss\u00f5es organizadoras dos torneios leiteiros e festas do cavalo da cidade. O encontro serviu para discuss\u00e3o das datas e da infraestrutura do \u201cCircuito Eventos Rurais\u201d da cidade. A previs\u00e3o \u00e9 [&hellip;]<\/p>\n","protected":false},"author":96,"featured_media":93365,"comment_status":"closed","ping_status":"closed","sticky":false,"template":"","format":"standard","meta":{"footnotes":""},"categories":[253],"tags":[],"class_list":["post-93366","post","type-post","status-publish","format-standard","has-post-thumbnail","hentry","category-cidade"],"_links":{"self":[{"href":"https:\/\/diarioregionaldigital.com.br\/index.php?rest_route=\/wp\/v2\/posts\/93366","targetHints":{"allow":["GET"]}}],"collection":[{"href":"https:\/\/diarioregionaldigital.com.br\/index.php?rest_route=\/wp\/v2\/posts"}],"about":[{"href":"https:\/\/diarioregionaldigital.com.br\/index.php?rest_route=\/wp\/v2\/types\/post"}],"author":[{"embeddable":true,"href":"https:\/\/diarioregionaldigital.com.br\/index.php?rest_route=\/wp\/v2\/users\/96"}],"replies":[{"embeddable":true,"href":"https:\/\/diarioregionaldigital.com.br\/index.php?rest_route=%2Fwp%2Fv2%2Fcomments&post=93366"}],"version-history":[{"count":0,"href":"https:\/\/diarioregionaldigital.com.br\/index.php?rest_route=\/wp\/v2\/posts\/93366\/revisions"}],"wp:featuredmedia":[{"embeddable":true,"href":"https:\/\/diarioregionaldigital.com.br\/index.php?rest_route=\/wp\/v2\/media\/93365"}],"wp:attachment":[{"href":"https:\/\/diarioregionaldigital.com.br\/index.php?rest_route=%2Fwp%2Fv2%2Fmedia&parent=93366"}],"wp:term":[{"taxonomy":"category","embeddable":true,"href":"https:\/\/diarioregionaldigital.com.br\/index.php?rest_route=%2Fwp%2Fv2%2Fcategories&post=93366"},{"taxonomy":"post_tag","embeddable":true,"href":"https:\/\/diarioregionaldigital.com.br\/index.php?rest_route=%2Fwp%2Fv2%2Ftags&post=93366"}],"curies":[{"name":"wp","href":"https:\/\/api.w.org\/{rel}","templated":true}]}}