{"id":93364,"date":"2018-03-08T00:13:47","date_gmt":"2018-03-08T03:13:47","guid":{"rendered":"http:\/\/diarioregionaljf.com.br\/2018\/03\/08\/guarda-municipal-promove-palestra-mulher-segura\/"},"modified":"2018-03-08T00:13:47","modified_gmt":"2018-03-08T03:13:47","slug":"guarda-municipal-promove-palestra-mulher-segura","status":"publish","type":"post","link":"https:\/\/diarioregionaldigital.com.br\/?p=93364","title":{"rendered":"Guarda Municipal promove palestra \u201cMulher + Segura\u201d"},"content":{"rendered":"<p>No \u201cDia Internacional da Mulher\u201d, nesta quinta-feira, 8, a Guarda Municipal (GM) promover\u00e1 palestra com o tema \u201cMulher + Segura\u201d. A inten\u00e7\u00e3o \u00e9 aliar a abordagem de aspectos da legisla\u00e7\u00e3o de prote\u00e7\u00e3o \u00e0 mulher ao trabalho de eleva\u00e7\u00e3o da autoestima e de empoderamento feminino. As convidadas receber\u00e3o para conversa aberta a representante da Delegacia Especializada de Atendimento \u00e0 Mulher, delegada Ione Barbosa, e a profissional de Coach Integral Sist\u00eamico, Odette Barros. O encontro acontecer\u00e1 na sede da Guarda Municipal, na Rua Professor Ernesto Evangelista, 140, Bairro S\u00e3o Bernardo, \u00e0s 15 horas.<\/p>\n<p>\u201cQuer\u00edamos promover a\u00e7\u00e3o que acrescentasse conte\u00fado \u00e0s integrantes da GM e \u00e0s demais participantes deste evento. Ser mulher nos imp\u00f5e grandes desafios. Entre eles, ter propriedade, conhecimento de causa, estar ciente dos nossos direitos, limites e possibilidades como mulher e ser humano que quer vencer na vida. Por isso, focamos, de um lado, na lei, e, por outro, na capacita\u00e7\u00e3o mental da mulher para o sucesso\u201d, destacou a comandante da Guarda Municipal, Emilce de Castro, que completou: \u201cNesse sentido, o tema \u2018Mulher + Segura\u2019 \u00e9 refer\u00eancia ao conjunto de a\u00e7\u00f5es de fortalecimento da autoconfian\u00e7a feminina\u201d.<\/p>\n<hr \/>\n<p>&nbsp;Fonte: Assessoria\/PJF<\/p>\n","protected":false},"excerpt":{"rendered":"<p>No \u201cDia Internacional da Mulher\u201d, nesta quinta-feira, 8, a Guarda Municipal (GM) promover\u00e1 palestra com o tema \u201cMulher + Segura\u201d. A inten\u00e7\u00e3o \u00e9 aliar a abordagem de aspectos da legisla\u00e7\u00e3o de prote\u00e7\u00e3o \u00e0 mulher ao trabalho de eleva\u00e7\u00e3o da autoestima e de empoderamento feminino. As convidadas receber\u00e3o para conversa aberta a representante da Delegacia Especializada [&hellip;]<\/p>\n","protected":false},"author":96,"featured_media":93363,"comment_status":"closed","ping_status":"closed","sticky":false,"template":"","format":"standard","meta":{"footnotes":""},"categories":[253],"tags":[],"class_list":["post-93364","post","type-post","status-publish","format-standard","has-post-thumbnail","hentry","category-cidade"],"_links":{"self":[{"href":"https:\/\/diarioregionaldigital.com.br\/index.php?rest_route=\/wp\/v2\/posts\/93364","targetHints":{"allow":["GET"]}}],"collection":[{"href":"https:\/\/diarioregionaldigital.com.br\/index.php?rest_route=\/wp\/v2\/posts"}],"about":[{"href":"https:\/\/diarioregionaldigital.com.br\/index.php?rest_route=\/wp\/v2\/types\/post"}],"author":[{"embeddable":true,"href":"https:\/\/diarioregionaldigital.com.br\/index.php?rest_route=\/wp\/v2\/users\/96"}],"replies":[{"embeddable":true,"href":"https:\/\/diarioregionaldigital.com.br\/index.php?rest_route=%2Fwp%2Fv2%2Fcomments&post=93364"}],"version-history":[{"count":0,"href":"https:\/\/diarioregionaldigital.com.br\/index.php?rest_route=\/wp\/v2\/posts\/93364\/revisions"}],"wp:featuredmedia":[{"embeddable":true,"href":"https:\/\/diarioregionaldigital.com.br\/index.php?rest_route=\/wp\/v2\/media\/93363"}],"wp:attachment":[{"href":"https:\/\/diarioregionaldigital.com.br\/index.php?rest_route=%2Fwp%2Fv2%2Fmedia&parent=93364"}],"wp:term":[{"taxonomy":"category","embeddable":true,"href":"https:\/\/diarioregionaldigital.com.br\/index.php?rest_route=%2Fwp%2Fv2%2Fcategories&post=93364"},{"taxonomy":"post_tag","embeddable":true,"href":"https:\/\/diarioregionaldigital.com.br\/index.php?rest_route=%2Fwp%2Fv2%2Ftags&post=93364"}],"curies":[{"name":"wp","href":"https:\/\/api.w.org\/{rel}","templated":true}]}}