{"id":93358,"date":"2018-03-07T23:44:50","date_gmt":"2018-03-08T02:44:50","guid":{"rendered":"http:\/\/diarioregionaljf.com.br\/2018\/03\/07\/consumo-de-energia-cresceu-0-8-em-2017-aponta-comite-do-setor-eletrico\/"},"modified":"2018-03-07T23:44:50","modified_gmt":"2018-03-08T02:44:50","slug":"consumo-de-energia-cresceu-0-8-em-2017-aponta-comite-do-setor-eletrico","status":"publish","type":"post","link":"https:\/\/diarioregionaldigital.com.br\/?p=93358","title":{"rendered":"Consumo de energia cresceu 0,8% em 2017, aponta Comit\u00ea do Setor El\u00e9trico"},"content":{"rendered":"<p>O Comit\u00ea de Monitoramento do Setor El\u00e9trico (CMSE) afirmou hoje, 7, que o consumo total de energia el\u00e9trica no pa\u00eds voltou a crescer em 2017, fechando o ano com crescimento de 0,8%. Esta \u00e9 a primeira vez que o consumo volta a crescer depois de dois anos de queda. Ainda assim, o CMSE destacou que o percentual de consumo est\u00e1 no mesmo patamar de 2014.<\/p>\n<p>A maior alta, de 1,1%, foi registrada junto aos consumidores industriais, que atingiram crescimento igual ao de 2016. J\u00e1 o consumo residencial expandiu 0,8% e o do setor de Com\u00e9rcio e Servi\u00e7os 0,3%. Para o per\u00edodo de 2018-2022, a proje\u00e7\u00e3o de crescimento m\u00e9dio anual de consumo de energia \u00e9 de 3,9%.<\/p>\n<h4>Situa\u00e7\u00e3o dos reservat\u00f3rios<\/h4>\n<p>Na reuni\u00e3o anterior, o comit\u00ea, que \u00e9 respons\u00e1vel por analisar as condi\u00e7\u00f5es de suprimento eletroenerg\u00e9tico em todo o territ\u00f3rio nacional, destacou que, com exce\u00e7\u00e3o da Regi\u00e3o Sul, as chuvas em janeiro foram inferiores \u00e0 m\u00e9dia na maior parte do Brasil.<\/p>\n<p>Ao analisar o cen\u00e1rio de abastecimento dos reservat\u00f3rios das usina hidrel\u00e9tricas, o comit\u00ea disse que o m\u00eas de fevereiro fechou com chuvas superiores \u00e0 m\u00e9dia nas bacias dos rios Doce, S\u00e3o Francisco, Xingu, Madeira e Tocantins. Entretanto, as chuvas foram deficit\u00e1rias nas bacias dos rios Grande, Parana\u00edba, Igua\u00e7u, Uruguai e Jacu\u00ed.<\/p>\n<p>Segundo o comit\u00ea, a energia armazenada nos reservat\u00f3rios verificada ao final do m\u00eas foi de 37% no subsistemas Sudeste\/Centro-Oeste, 73,5% no subsistema Sul, 26,3% no Nordeste e 62,1% no Norte. A nota destaca que, para o fim do m\u00eas de mar\u00e7o, os valores de armazenamento esperados s\u00e3o de 44,6% no Sudeste\/Centro-Oeste, 64,1% no Sul, 36,9% no Nordeste e 66,5% no Norte.<\/p>\n<p>Ainda durante a reuni\u00e3o desta quarta-feira, o CMSE disse que para os pr\u00f3ximos sete dias esperam-se precipita\u00e7\u00f5es mais abundantes nas bacias dos rios S\u00e3o Francisco, Doce, Tocantins e Xingu. Nas bacias dos rios Grande, Parana\u00edba, Madeira, Itaipu, Igua\u00e7u, Uruguai e Jacu\u00ed h\u00e1 previs\u00e3o de chuvas predominantemente inferiores \u00e0 m\u00e9dia hist\u00f3rica.<\/p>\n<p>\u201cO cen\u00e1rio mais prov\u00e1vel de previs\u00e3o para a segunda semana \u00e9 de continuidade de maiores acumulados pluviom\u00e9tricos nas bacias do S\u00e3o Francisco, Doce, Tocantins e Xingu. No rio Madeira, assim como nas bacias da Regi\u00e3o Sul, as precipita\u00e7\u00f5es ser\u00e3o pr\u00f3ximas ou levemente inferiores aos valores hist\u00f3ricos. Dever\u00e1 chover abaixo da m\u00e9dia nas bacias dos rios Grande e Parana\u00edba\u201d, disse o comit\u00ea em nota.<\/p>\n<h4>Rio S\u00e3o Francisco<\/h4>\n<p>O CMSE disse que a pol\u00edtica de redu\u00e7\u00e3o na vaz\u00e3o nos reservat\u00f3rios das usinas de Xing\u00f3 e Sobradinho, localizadas na bacia do Rio S\u00e3o Francisco, vai permanecer com vistas \u00e0 preserva\u00e7\u00e3o dos estoques armazenados. Em quase 90 anos de medi\u00e7\u00e3o oficial, a armazenagem dos reservat\u00f3rios chegou a ficar, no ano passado, abaixo dos 7%, na maior seca da Bacia Hidrogr\u00e1fica do Rio S\u00e3o Francisco j\u00e1 registrada.<\/p>\n<p>Segundo o comit\u00ea, as a\u00e7\u00f5es desenvolvidas v\u00e3o possibilitar manter todas as usinas hidrel\u00e9tricas acima de seus armazenamentos m\u00ednimos operacionais at\u00e9 o final do per\u00edodo \u00famido em abril de 2018. \u201cA expectativa de armazenamento ao final do m\u00eas de mar\u00e7o de 2018 \u00e9 de 38,9% na UHE [Usina Hidrel\u00e9trica] Tr\u00eas Marias e de 48,3% na UHE Sobradinho, o que indica n\u00edvel de armazenamento melhor que no ano 2017\u201d, disse o CMSE.<\/p>\n<hr \/>\n<p>&nbsp;Fonte: Ag\u00eancia Brasil<\/p>\n","protected":false},"excerpt":{"rendered":"<p>O Comit\u00ea de Monitoramento do Setor El\u00e9trico (CMSE) afirmou hoje, 7, que o consumo total de energia el\u00e9trica no pa\u00eds voltou a crescer em 2017, fechando o ano com crescimento de 0,8%. Esta \u00e9 a primeira vez que o consumo volta a crescer depois de dois anos de queda. Ainda assim, o CMSE destacou que [&hellip;]<\/p>\n","protected":false},"author":96,"featured_media":93357,"comment_status":"closed","ping_status":"closed","sticky":false,"template":"","format":"standard","meta":{"footnotes":""},"categories":[261],"tags":[],"class_list":["post-93358","post","type-post","status-publish","format-standard","has-post-thumbnail","hentry","category-economia"],"_links":{"self":[{"href":"https:\/\/diarioregionaldigital.com.br\/index.php?rest_route=\/wp\/v2\/posts\/93358","targetHints":{"allow":["GET"]}}],"collection":[{"href":"https:\/\/diarioregionaldigital.com.br\/index.php?rest_route=\/wp\/v2\/posts"}],"about":[{"href":"https:\/\/diarioregionaldigital.com.br\/index.php?rest_route=\/wp\/v2\/types\/post"}],"author":[{"embeddable":true,"href":"https:\/\/diarioregionaldigital.com.br\/index.php?rest_route=\/wp\/v2\/users\/96"}],"replies":[{"embeddable":true,"href":"https:\/\/diarioregionaldigital.com.br\/index.php?rest_route=%2Fwp%2Fv2%2Fcomments&post=93358"}],"version-history":[{"count":0,"href":"https:\/\/diarioregionaldigital.com.br\/index.php?rest_route=\/wp\/v2\/posts\/93358\/revisions"}],"wp:featuredmedia":[{"embeddable":true,"href":"https:\/\/diarioregionaldigital.com.br\/index.php?rest_route=\/wp\/v2\/media\/93357"}],"wp:attachment":[{"href":"https:\/\/diarioregionaldigital.com.br\/index.php?rest_route=%2Fwp%2Fv2%2Fmedia&parent=93358"}],"wp:term":[{"taxonomy":"category","embeddable":true,"href":"https:\/\/diarioregionaldigital.com.br\/index.php?rest_route=%2Fwp%2Fv2%2Fcategories&post=93358"},{"taxonomy":"post_tag","embeddable":true,"href":"https:\/\/diarioregionaldigital.com.br\/index.php?rest_route=%2Fwp%2Fv2%2Ftags&post=93358"}],"curies":[{"name":"wp","href":"https:\/\/api.w.org\/{rel}","templated":true}]}}