{"id":93354,"date":"2018-03-07T22:59:06","date_gmt":"2018-03-08T01:59:06","guid":{"rendered":"http:\/\/diarioregionaljf.com.br\/2018\/03\/07\/com-dois-mineiros-na-disputa-cob-abre-votacao-que-decidira-o-atleta-da-torcida\/"},"modified":"2018-03-07T22:59:06","modified_gmt":"2018-03-08T01:59:06","slug":"com-dois-mineiros-na-disputa-cob-abre-votacao-que-decidira-o-atleta-da-torcida","status":"publish","type":"post","link":"https:\/\/diarioregionaldigital.com.br\/?p=93354","title":{"rendered":"Com dois mineiros na disputa, COB abre vota\u00e7\u00e3o que decidir\u00e1 o &#8220;Atleta da Torcida&#8221;"},"content":{"rendered":"<p>O Pr\u00eamio Brasil Ol\u00edmpico, organizado pelo Comit\u00ea Ol\u00edmpico Brasileiro (COB), ter\u00e1 uma categoria decidida pela vota\u00e7\u00e3o popular. Foram selecionados pelo COB dez atletas que mais se destacaram na temporada de 2017. Dentre os selecionados, dois mineiros: a cano\u00edsta Ana S\u00e1tila e o tenista Marcelo Melo. A disputa vai at\u00e9 o dia&nbsp;28 de mar\u00e7o, momentos antes do final da cerim\u00f4nia do Pr\u00eamio, que ser\u00e1 realizado na Cidade das Artes, no Rio de Janeiro.<\/p>\n<p>O&nbsp;\u201cAtleta da Torcida\u201d ser\u00e1 selecionado por meio de vota\u00e7\u00e3o nas redes sociais (Facebook,&nbsp;Instagram ou&nbsp;Twitter) ou pelo site da COB. Para votar diretamente pela rede social \u00e9 s\u00f3 fazer um&nbsp;post&nbsp;com a&nbsp;hashtag&nbsp;com o nome do atleta seguido da sigla&nbsp;pbo<\/p>\n<p><strong>Conhe\u00e7a os dois participantes mineiros:&nbsp;<\/strong><\/p>\n<p>Ana S\u00e1tila, natural de Iturama, Minas Gerais,&nbsp;alcan\u00e7ou um resultado in\u00e9dito para o esporte brasileiro. Pela primeira vez, o pa\u00eds subiu ao p\u00f3dio do Campeonato Mundial de canoagem&nbsp;slalom. Na Fran\u00e7a, em setembro, Ana ficou com a medalha de bronze na categoria canoa para uma pessoa (C1).<\/p>\n<p>Marcelo Melo, nascido em Belo Horizonte, Minas Gerais,&nbsp;vem&nbsp;se destacando no cen\u00e1rio do t\u00eanis mundial. Atuando ao lado do polon\u00eas Lukasz Kubot, terminou a temporada 2017 como l\u00edder do ranking mundial de duplas. Foram seis t\u00edtulos ao longo do ano, sendo o mais importante o do tradicional torneio de Wimbledon, jogado na grama.<\/p>\n<p><strong>Os demais atletas participantes:<\/strong><\/p>\n<p>Ana Marcela Cunha&nbsp;(maratona aqu\u00e1tica)<\/p>\n<p>Bruno Fratus (nata\u00e7\u00e3o)<\/p>\n<p>Evandro &amp; Andr\u00e9&nbsp;(v\u00f4lei de praia)<\/p>\n<p>Caio Bonfim&nbsp;(atletismo)<\/p>\n<p>Leticia Bufoni&nbsp;(skate)<\/p>\n<p>Mayra Aguiar (jud\u00f4)<\/p>\n<p>Rebeca Andrade&nbsp;(gin\u00e1stica art\u00edstica)<\/p>\n<p>Gabriel Medina&nbsp;(surf)<\/p>\n<p>Na&nbsp;\u00faltima edi\u00e7\u00e3o desta premia\u00e7\u00e3o, em 2016, a Atleta da Torcida foi&nbsp;a campe\u00e3 ol\u00edmpica de jud\u00f4&nbsp;Rafaela Silva . Al\u00e9m do \u201cAtleta da Torcida\u201d, o Pr\u00eamio Brasil Ol\u00edmpico eleger\u00e1: Melhor Atleta do Ano (masculino e feminino), Melhor T\u00e9cnico Individual e Coletivo, Trof\u00e9u Adhemar Ferreira (premia\u00e7\u00e3o dada a quem teve papel de destaque no desenvolvimento do esporte no Brasil) e os Melhores Atletas nos Jogos Escolares da Juventude.<\/p>\n<p><strong>Fonte: Comit\u00ea Ol\u00edmpico Brasileiro&nbsp;<\/strong><\/p>\n","protected":false},"excerpt":{"rendered":"<p>O Pr\u00eamio Brasil Ol\u00edmpico, organizado pelo Comit\u00ea Ol\u00edmpico Brasileiro (COB), ter\u00e1 uma categoria decidida pela vota\u00e7\u00e3o popular. Foram selecionados pelo COB dez atletas que mais se destacaram na temporada de 2017. Dentre os selecionados, dois mineiros: a cano\u00edsta Ana S\u00e1tila e o tenista Marcelo Melo. A disputa vai at\u00e9 o dia&nbsp;28 de mar\u00e7o, momentos antes [&hellip;]<\/p>\n","protected":false},"author":96,"featured_media":93353,"comment_status":"closed","ping_status":"closed","sticky":false,"template":"","format":"standard","meta":{"footnotes":""},"categories":[257],"tags":[],"class_list":["post-93354","post","type-post","status-publish","format-standard","has-post-thumbnail","hentry","category-esporte"],"_links":{"self":[{"href":"https:\/\/diarioregionaldigital.com.br\/index.php?rest_route=\/wp\/v2\/posts\/93354","targetHints":{"allow":["GET"]}}],"collection":[{"href":"https:\/\/diarioregionaldigital.com.br\/index.php?rest_route=\/wp\/v2\/posts"}],"about":[{"href":"https:\/\/diarioregionaldigital.com.br\/index.php?rest_route=\/wp\/v2\/types\/post"}],"author":[{"embeddable":true,"href":"https:\/\/diarioregionaldigital.com.br\/index.php?rest_route=\/wp\/v2\/users\/96"}],"replies":[{"embeddable":true,"href":"https:\/\/diarioregionaldigital.com.br\/index.php?rest_route=%2Fwp%2Fv2%2Fcomments&post=93354"}],"version-history":[{"count":0,"href":"https:\/\/diarioregionaldigital.com.br\/index.php?rest_route=\/wp\/v2\/posts\/93354\/revisions"}],"wp:featuredmedia":[{"embeddable":true,"href":"https:\/\/diarioregionaldigital.com.br\/index.php?rest_route=\/wp\/v2\/media\/93353"}],"wp:attachment":[{"href":"https:\/\/diarioregionaldigital.com.br\/index.php?rest_route=%2Fwp%2Fv2%2Fmedia&parent=93354"}],"wp:term":[{"taxonomy":"category","embeddable":true,"href":"https:\/\/diarioregionaldigital.com.br\/index.php?rest_route=%2Fwp%2Fv2%2Fcategories&post=93354"},{"taxonomy":"post_tag","embeddable":true,"href":"https:\/\/diarioregionaldigital.com.br\/index.php?rest_route=%2Fwp%2Fv2%2Ftags&post=93354"}],"curies":[{"name":"wp","href":"https:\/\/api.w.org\/{rel}","templated":true}]}}