{"id":93350,"date":"2018-03-07T22:52:32","date_gmt":"2018-03-08T01:52:32","guid":{"rendered":"http:\/\/diarioregionaljf.com.br\/2018\/03\/07\/jf-volei-e-rebaixado-para-a-superliga-b-apos-vitoria-do-adversario-direto-na-competicao\/"},"modified":"2018-03-07T22:52:32","modified_gmt":"2018-03-08T01:52:32","slug":"jf-volei-e-rebaixado-para-a-superliga-b-apos-vitoria-do-adversario-direto-na-competicao","status":"publish","type":"post","link":"https:\/\/diarioregionaldigital.com.br\/?p=93350","title":{"rendered":"JF V\u00f4lei \u00e9 rebaixado para a Superliga B ap\u00f3s vit\u00f3ria do advers\u00e1rio direto na competi\u00e7\u00e3o"},"content":{"rendered":"<p>Ap\u00f3s a vit\u00f3ria do Montes Claros\/MG JF V\u00f4lei \u00e9 rebaixado para a Superliga B de 2018\/19. O Montes Claros eliminou com qualquer possibilidade, agora no n\u00famero de pontos ganhos da equipe de Juiz de Fora. No jogo desta ter\u00e7a-feira, 6, o time venceu o SESC &#8211; RJ, no Gin\u00e1sio do Tijuca T\u00eanis Clube, no Rio Janeiro, por 3 sets a 1, com parciais de (25\/23, 19\/25, 26\/24 e 25\/19).<\/p>\n<p>&nbsp;Com o resultado, o Montes Claros subiu para 16 pontos, na d\u00e9cima posi\u00e7\u00e3o, e n\u00e3o podem mais ser alcan\u00e7ado por JF V\u00f4lei, d\u00e9cimo primeiro, com oito pontos, e pelo lanterna Maring\u00e1, que tem sete pontos. Restam apenas duas rodadas para o fim da fase de classifica\u00e7\u00e3o.<\/p>\n<p>JF V\u00f4lei faz seu ultimo jogo em casa da temporada de 2017\/18 contra o Canoas \u2013RS, no s\u00e1bado, 10, \u00e0s 18h, no Gin\u00e1sio da UFJF. A equipe divulgou na segunda-feira, 5, uma promo\u00e7\u00e3o no valor dos ingressos durante a venda antecipada. A venda dos bilhetes tem valor \u00fanico de R$10 at\u00e9 sexta-feira, 9. No dia da partida, os bilhetes passam para R$20 (entrada inteira) e R$10 (meia). As vendas acontecem nas lojas f\u00edsicas das \u00d3ticas Carol (Rua Halfeld 704, Centro \/ Avenida Bar\u00e3o do Rio Branco 2307, Centro), na Bela Padoca (Rua Sampaio 371, Granbery), na Cir\u00fargica Equil\u00edbrio (Rua S\u00e3o Mateus 516) e na Brasil Im\u00f3veis (Rua Chanceler Oswaldo Aranha 28, Centro). A bilheteria do gin\u00e1sio abre somente no s\u00e1bado, a partir de 17h.<\/p>\n<p>O que sobrou para o JF \u00e9 tentar se garantir na d\u00e9cima primeira posi\u00e7\u00e3o e esperar o final da competi\u00e7\u00e3o para que ocorra alguma desist\u00eancia. Assim, ser\u00e1 o primeiro time a ser convidado para a Superliga 2018\/19.<\/p>\n","protected":false},"excerpt":{"rendered":"<p>Ap\u00f3s a vit\u00f3ria do Montes Claros\/MG JF V\u00f4lei \u00e9 rebaixado para a Superliga B de 2018\/19. O Montes Claros eliminou com qualquer possibilidade, agora no n\u00famero de pontos ganhos da equipe de Juiz de Fora. No jogo desta ter\u00e7a-feira, 6, o time venceu o SESC &#8211; RJ, no Gin\u00e1sio do Tijuca T\u00eanis Clube, no Rio [&hellip;]<\/p>\n","protected":false},"author":96,"featured_media":93349,"comment_status":"closed","ping_status":"closed","sticky":false,"template":"","format":"standard","meta":{"footnotes":""},"categories":[257],"tags":[],"class_list":["post-93350","post","type-post","status-publish","format-standard","has-post-thumbnail","hentry","category-esporte"],"_links":{"self":[{"href":"https:\/\/diarioregionaldigital.com.br\/index.php?rest_route=\/wp\/v2\/posts\/93350","targetHints":{"allow":["GET"]}}],"collection":[{"href":"https:\/\/diarioregionaldigital.com.br\/index.php?rest_route=\/wp\/v2\/posts"}],"about":[{"href":"https:\/\/diarioregionaldigital.com.br\/index.php?rest_route=\/wp\/v2\/types\/post"}],"author":[{"embeddable":true,"href":"https:\/\/diarioregionaldigital.com.br\/index.php?rest_route=\/wp\/v2\/users\/96"}],"replies":[{"embeddable":true,"href":"https:\/\/diarioregionaldigital.com.br\/index.php?rest_route=%2Fwp%2Fv2%2Fcomments&post=93350"}],"version-history":[{"count":0,"href":"https:\/\/diarioregionaldigital.com.br\/index.php?rest_route=\/wp\/v2\/posts\/93350\/revisions"}],"wp:featuredmedia":[{"embeddable":true,"href":"https:\/\/diarioregionaldigital.com.br\/index.php?rest_route=\/wp\/v2\/media\/93349"}],"wp:attachment":[{"href":"https:\/\/diarioregionaldigital.com.br\/index.php?rest_route=%2Fwp%2Fv2%2Fmedia&parent=93350"}],"wp:term":[{"taxonomy":"category","embeddable":true,"href":"https:\/\/diarioregionaldigital.com.br\/index.php?rest_route=%2Fwp%2Fv2%2Fcategories&post=93350"},{"taxonomy":"post_tag","embeddable":true,"href":"https:\/\/diarioregionaldigital.com.br\/index.php?rest_route=%2Fwp%2Fv2%2Ftags&post=93350"}],"curies":[{"name":"wp","href":"https:\/\/api.w.org\/{rel}","templated":true}]}}