{"id":93340,"date":"2018-03-07T21:22:45","date_gmt":"2018-03-08T00:22:45","guid":{"rendered":"http:\/\/diarioregionaljf.com.br\/2018\/03\/07\/pesquisa-aponta-que-apenas-18-dos-brasileiros-estao-com-as-contas-no-azul\/"},"modified":"2018-03-07T21:22:45","modified_gmt":"2018-03-08T00:22:45","slug":"pesquisa-aponta-que-apenas-18-dos-brasileiros-estao-com-as-contas-no-azul","status":"publish","type":"post","link":"https:\/\/diarioregionaldigital.com.br\/?p=93340","title":{"rendered":"Pesquisa aponta que apenas 18% dos brasileiros est\u00e3o com as contas &#8220;no azul&#8221;"},"content":{"rendered":"<p>Pesquisa do Servi\u00e7o de Prote\u00e7\u00e3o ao Cr\u00e9dito Brasil (SPC) aponta que apenas 18,4% dos brasileiros est\u00e3o com as contas no azul, com sobra de recursos para consumir ou fazer investimentos. De acordo com o levantamento, divulgado nesta quarta-feira, 7, 40,1% dos entrevistados apontam estar no \u201czero a zero\u201d, sem sobra e nem falta de recursos. J\u00e1 37,9% assumiram estar no vermelho e n\u00e3o conseguir pagar todas as contas com a renda que possuem. Os demais n\u00e3o souberam opinar.<\/p>\n<p>Segundo os entrevistados, as principais raz\u00f5es para estarem no vermelho foram os pre\u00e7os altos e a dificuldade de pagar as contas (53,8%); a redu\u00e7\u00e3o da renda (26,7%); a perda do emprego (18,2%); e a perda de controle dos gastos (12,2%). O levantamento foi feito no \u00faltimo m\u00eas de fevereiro.<\/p>\n<p>\u201cOs dados acerca da situa\u00e7\u00e3o financeira dos consumidores s\u00e3o bastante claros ao mostrar que, apesar de a economia ter iniciado um processo de recupera\u00e7\u00e3o, muitas fam\u00edlias ainda est\u00e3o em situa\u00e7\u00e3o de aperto. Justamente esses casos demandam mais cuidado no uso do cr\u00e9dito, pois o acesso irrestrito e o uso irrefletido das modalidades dispon\u00edveis pode agravar ainda mais a situa\u00e7\u00e3o\u201d, destacou a nota do SPC.<\/p>\n<p>De acordo com o \u00f3rg\u00e3o, quase a metade (49,4%) dos consumidores manifestaram a inten\u00e7\u00e3o de reduzir gastos no or\u00e7amento. Apenas 8,4% disseram que planejavam aumentar o valor de suas compras. Para 40,4%, os gastos devem se manter est\u00e1veis. Os demais n\u00e3o souberam opinar. Segundo o levantamento, apesar de a infla\u00e7\u00e3o estar sob controle, os pre\u00e7os elevados dos produtos (37%) foi a principal raz\u00e3o apontada para a conten\u00e7\u00e3o de gastos, seguido da busca constante por economizar (25%) e do desemprego (19%).<\/p>\n<p>A pesquisa revelou ainda que 22% dos brasileiros tiveram cr\u00e9dito negado em janeiro &#8211; \u00faltimo m\u00eas com dados dispon\u00edveis &#8211; ao tentarem parcelar uma compra em estabelecimentos comerciais ou contratar servi\u00e7os a prazo. Segundo o levantamento, a falta de comprova\u00e7\u00e3o ou insuficiente de renda (36%) e as restri\u00e7\u00f5es ao CPF (31%) em virtude da inadimpl\u00eancia, foram as principais raz\u00f5es para a negativa.<\/p>\n<p>\u201cCom a renda do brasileiro menor, a an\u00e1lise de cr\u00e9dito tornou-se mais criteriosa para evitar a inadimpl\u00eancia e as concess\u00f5es ca\u00edram ao longo do per\u00edodo mais severo da recess\u00e3o. Somente agora o cr\u00e9dito come\u00e7a a recuperar-se, mas \u00e9 prudente que haja controle e crit\u00e9rios sobre a libera\u00e7\u00e3o de cr\u00e9dito por parte das institui\u00e7\u00f5es e que o consumidor se mantenha cauteloso antes de se endividar\u201d, disse o presidente do SPC Brasil, Roque Pellizzaro Junior.<\/p>\n<p>A pesquisa, realizada em fevereiro, abrange 12 capitais das cinco regi\u00f5es brasileiras: S\u00e3o Paulo, Rio de Janeiro, Belo Horizonte, Porto Alegre, Curitiba, Recife, Salvador, Fortaleza, Bras\u00edlia, Goi\u00e2nia, Manaus e Bel\u00e9m. A amostra, de 800 casos, foi composta por pessoas com idade superior ou igual a 18 anos, de ambos os sexos e de todas as classes sociais. A margem de erro \u00e9 de 3,5 pontos percentuais.<\/p>\n<p>&nbsp;<\/p>\n<p>Fonte: Ag\u00eancia Brasil<\/p>\n","protected":false},"excerpt":{"rendered":"<p>Pesquisa do Servi\u00e7o de Prote\u00e7\u00e3o ao Cr\u00e9dito Brasil (SPC) aponta que apenas 18,4% dos brasileiros est\u00e3o com as contas no azul, com sobra de recursos para consumir ou fazer investimentos. De acordo com o levantamento, divulgado nesta quarta-feira, 7, 40,1% dos entrevistados apontam estar no \u201czero a zero\u201d, sem sobra e nem falta de recursos. [&hellip;]<\/p>\n","protected":false},"author":96,"featured_media":93339,"comment_status":"closed","ping_status":"closed","sticky":false,"template":"","format":"standard","meta":{"footnotes":""},"categories":[261],"tags":[],"class_list":["post-93340","post","type-post","status-publish","format-standard","has-post-thumbnail","hentry","category-economia"],"_links":{"self":[{"href":"https:\/\/diarioregionaldigital.com.br\/index.php?rest_route=\/wp\/v2\/posts\/93340","targetHints":{"allow":["GET"]}}],"collection":[{"href":"https:\/\/diarioregionaldigital.com.br\/index.php?rest_route=\/wp\/v2\/posts"}],"about":[{"href":"https:\/\/diarioregionaldigital.com.br\/index.php?rest_route=\/wp\/v2\/types\/post"}],"author":[{"embeddable":true,"href":"https:\/\/diarioregionaldigital.com.br\/index.php?rest_route=\/wp\/v2\/users\/96"}],"replies":[{"embeddable":true,"href":"https:\/\/diarioregionaldigital.com.br\/index.php?rest_route=%2Fwp%2Fv2%2Fcomments&post=93340"}],"version-history":[{"count":0,"href":"https:\/\/diarioregionaldigital.com.br\/index.php?rest_route=\/wp\/v2\/posts\/93340\/revisions"}],"wp:featuredmedia":[{"embeddable":true,"href":"https:\/\/diarioregionaldigital.com.br\/index.php?rest_route=\/wp\/v2\/media\/93339"}],"wp:attachment":[{"href":"https:\/\/diarioregionaldigital.com.br\/index.php?rest_route=%2Fwp%2Fv2%2Fmedia&parent=93340"}],"wp:term":[{"taxonomy":"category","embeddable":true,"href":"https:\/\/diarioregionaldigital.com.br\/index.php?rest_route=%2Fwp%2Fv2%2Fcategories&post=93340"},{"taxonomy":"post_tag","embeddable":true,"href":"https:\/\/diarioregionaldigital.com.br\/index.php?rest_route=%2Fwp%2Fv2%2Ftags&post=93340"}],"curies":[{"name":"wp","href":"https:\/\/api.w.org\/{rel}","templated":true}]}}