{"id":93332,"date":"2018-03-07T20:31:52","date_gmt":"2018-03-07T23:31:52","guid":{"rendered":"http:\/\/diarioregionaljf.com.br\/2018\/03\/07\/supremo-mantem-poder-do-tse-para-cassar-diretamente-parlamentares-e-governadores\/"},"modified":"2018-03-07T20:31:52","modified_gmt":"2018-03-07T23:31:52","slug":"supremo-mantem-poder-do-tse-para-cassar-diretamente-parlamentares-e-governadores","status":"publish","type":"post","link":"https:\/\/diarioregionaldigital.com.br\/?p=93332","title":{"rendered":"Supremo mant\u00e9m poder do TSE para cassar diretamente parlamentares e governadores"},"content":{"rendered":"<p>Por 10 votos a 1, o Supremo Tribunal Federal (STF) decidiu nesta quarta-feira, 7, manter o poder do Tribunal Superior Eleitoral (TSE) para cassar originariamente o mandato de deputados federais, estaduais, senadores e governadores eleitos que tiveram os mandatos questionados pelo Minist\u00e9rio P\u00fablico Eleitoral (MPE) ou por um advers\u00e1rio pol\u00edtico. A compet\u00eancia do tribunal para julgar os casos foi questionada pelo PDT, por meio de uma a\u00e7\u00e3o de inconstitucionalidade protocolada na Corte em 2009.<\/p>\n<p>No julgamento, somente o ministro Marco Aur\u00e9lio votou pela proced\u00eancia da a\u00e7\u00e3o. Alexandre de Moraes, Edson Fachin, Lu\u00eds Roberto Barroso, Rosa Weber, Luiz Fux (relator), Celso de Mello e a presidente, C\u00e1rmen L\u00facia, votam pela improced\u00eancia da a\u00e7\u00e3o.<\/p>\n<p>Caso a tese do PDT fosse aceita pela Corte, os pol\u00edticos, com exce\u00e7\u00e3o do presidente da Rep\u00fablica e seu vice, cujos processos s\u00f3 podem ser analisados pelo TSE, somente poderiam ser cassados pelos tribunais regionais de seus estados, cabendo recurso ao tribunal.<\/p>\n<p>Na a\u00e7\u00e3o, a defesa do PDT alegou que o TSE deve atuar como \u00f3rg\u00e3o respons\u00e1vel por julgar recursos oriundos da Justi\u00e7a Eleitoral dos estados e n\u00e3o julgar diretamente a\u00e7\u00f5es de impugna\u00e7\u00e3o dos diplomas dos eleitos. De acordo com o partido, a atua\u00e7\u00e3o originaria do TSE gera tumulto processual e inseguran\u00e7a jur\u00eddica.<\/p>\n<p>&nbsp;<\/p>\n<p>Fonte: Ag\u00eancia Brasil<\/p>\n","protected":false},"excerpt":{"rendered":"<p>Por 10 votos a 1, o Supremo Tribunal Federal (STF) decidiu nesta quarta-feira, 7, manter o poder do Tribunal Superior Eleitoral (TSE) para cassar originariamente o mandato de deputados federais, estaduais, senadores e governadores eleitos que tiveram os mandatos questionados pelo Minist\u00e9rio P\u00fablico Eleitoral (MPE) ou por um advers\u00e1rio pol\u00edtico. A compet\u00eancia do tribunal para [&hellip;]<\/p>\n","protected":false},"author":96,"featured_media":93331,"comment_status":"closed","ping_status":"closed","sticky":false,"template":"","format":"standard","meta":{"footnotes":""},"categories":[302],"tags":[],"class_list":["post-93332","post","type-post","status-publish","format-standard","has-post-thumbnail","hentry","category-brasil-mundo"],"_links":{"self":[{"href":"https:\/\/diarioregionaldigital.com.br\/index.php?rest_route=\/wp\/v2\/posts\/93332","targetHints":{"allow":["GET"]}}],"collection":[{"href":"https:\/\/diarioregionaldigital.com.br\/index.php?rest_route=\/wp\/v2\/posts"}],"about":[{"href":"https:\/\/diarioregionaldigital.com.br\/index.php?rest_route=\/wp\/v2\/types\/post"}],"author":[{"embeddable":true,"href":"https:\/\/diarioregionaldigital.com.br\/index.php?rest_route=\/wp\/v2\/users\/96"}],"replies":[{"embeddable":true,"href":"https:\/\/diarioregionaldigital.com.br\/index.php?rest_route=%2Fwp%2Fv2%2Fcomments&post=93332"}],"version-history":[{"count":0,"href":"https:\/\/diarioregionaldigital.com.br\/index.php?rest_route=\/wp\/v2\/posts\/93332\/revisions"}],"wp:featuredmedia":[{"embeddable":true,"href":"https:\/\/diarioregionaldigital.com.br\/index.php?rest_route=\/wp\/v2\/media\/93331"}],"wp:attachment":[{"href":"https:\/\/diarioregionaldigital.com.br\/index.php?rest_route=%2Fwp%2Fv2%2Fmedia&parent=93332"}],"wp:term":[{"taxonomy":"category","embeddable":true,"href":"https:\/\/diarioregionaldigital.com.br\/index.php?rest_route=%2Fwp%2Fv2%2Fcategories&post=93332"},{"taxonomy":"post_tag","embeddable":true,"href":"https:\/\/diarioregionaldigital.com.br\/index.php?rest_route=%2Fwp%2Fv2%2Ftags&post=93332"}],"curies":[{"name":"wp","href":"https:\/\/api.w.org\/{rel}","templated":true}]}}