{"id":93330,"date":"2018-03-07T20:22:32","date_gmt":"2018-03-07T23:22:32","guid":{"rendered":"http:\/\/diarioregionaljf.com.br\/2018\/03\/07\/governo-de-minas-gerais-autoriza-concurso-para-analistas-e-tecnicos-universitarios-na-unimontes\/"},"modified":"2018-03-07T20:22:32","modified_gmt":"2018-03-07T23:22:32","slug":"governo-de-minas-gerais-autoriza-concurso-para-analistas-e-tecnicos-universitarios-na-unimontes","status":"publish","type":"post","link":"https:\/\/diarioregionaldigital.com.br\/?p=93330","title":{"rendered":"Governo de Minas Gerais autoriza concurso para analistas e t\u00e9cnicos universit\u00e1rios na Unimontes"},"content":{"rendered":"<p>O Governo do Estado acaba de autorizar a realiza\u00e7\u00e3o de um novo concurso p\u00fablico, na Universidade Estadual de Montes Claros (Unimontes), para substitui\u00e7\u00e3o de servidores desligados ap\u00f3s setembro de 2015. Ao todo, s\u00e3o 96 vagas em cargos de analistas e t\u00e9cnicos universit\u00e1rios na institui\u00e7\u00e3o.<\/p>\n<p>A realiza\u00e7\u00e3o do certame veio com o aval da C\u00e2mara de Or\u00e7amento e Finan\u00e7as, da Secretaria de Estado de Planejamento e Gest\u00e3o (Seplag), que permitiu a abertura do concurso e os preparativos para o processo de sele\u00e7\u00e3o para os n\u00edveis superior e m\u00e9dio\/profissionalizante.<\/p>\n<p>Conforme a determina\u00e7\u00e3o da Seplag, o impacto na folha do Estado com os novos concursados n\u00e3o poder\u00e1 superar R$2.045.802,60.<\/p>\n<p>\u201cEsta \u00e9 uma not\u00edcia altamente importante para a universidade, que necessita de melhoria no seu quadro funcional para incrementar o atendimento e ampliar a presta\u00e7\u00e3o de servi\u00e7o \u00e0 comunidade\u201d, destaca o reitor da Unimontes, Jo\u00e3o Canela, que tamb\u00e9m menciona o reconhecimento do Estado dos esfor\u00e7os coletivos da gest\u00e3o da universidade. &#8220;A confirma\u00e7\u00e3o do concurso contribui para reduzir uma das grandes dificuldades que a universidade atravessou e atravessa nos \u00faltimos anos. A conquista \u00e9 institucional&#8221;, complementa.<\/p>\n<p>Para o professor Antonio Alvimar Souza, vice-reitor da Unimontes, \u201ca aprova\u00e7\u00e3o do concurso \u00e9 uma a\u00e7\u00e3o estrat\u00e9gica do Governo do Estado, em mais uma demonstra\u00e7\u00e3o de apoio \u00e0s necessidades da universidade. A partir deste concurso, a Unimontes encontra mecanismos para minimizar a defasagem do pessoal t\u00e9cnico e analista\u201d, observa.<\/p>\n<p>A novidade tamb\u00e9m \u00e9 celebrada pelo pr\u00f3-reitor de Planejamento da universidade, Roney Sindeaux, sobretudo pela necessidade de amplia\u00e7\u00e3o do quadro de pessoal t\u00e9cnico e analista da Unimontes.<\/p>\n<p>&#8220;A defasagem diante dos desligamentos acarreta numa sobrecarga nos departamentos, cursos, centros de ensino e no pr\u00f3prio Hospital Universit\u00e1rio Clemente de Faria (HUCF), o que compromete o funcionamento pleno dessas unidades&#8221;, analisa.<\/p>\n<p>O novo certame acontecer\u00e1 ainda em 2018 e a data ser\u00e1 definida nos pr\u00f3ximos dias. O \u00faltimo concurso para t\u00e9cnicos e analistas foi realizado pela Unimontes em 2006.<\/p>\n<p>&nbsp;<\/p>\n<p><strong>Concurso p\u00fablico para analistas e t\u00e9cnicos universit\u00e1rios<\/strong><\/p>\n<p>&#8211; <strong>Total de vagas<\/strong>: 96<\/p>\n<p>&#8211; <strong>Distribui\u00e7\u00e3o<\/strong>:<\/p>\n<p>Analistas (n\u00edvel superior) &#8211; 24 vagas<\/p>\n<p>Analista Universit\u00e1rio &#8211; oito vagas (30 horas)<\/p>\n<p>Analista Universit\u00e1rio da Sa\u00fade &#8211; oito vagas (30 horas)<\/p>\n<p>Analista Universit\u00e1rio da Sa\u00fade (enfermeiro) &#8211; oito vagas (24 horas)<\/p>\n<p>T\u00e9cnico Universit\u00e1rio (n\u00edvel m\u00e9dio) &#8211; 72 vagas<\/p>\n<p>T\u00e9cnico Universit\u00e1rio \u2013 26 vagas (40 horas)<\/p>\n<p>T\u00e9cnico Universit\u00e1rio (profissionalizante) \u2013 26 vagas (40 horas)<\/p>\n<p>T\u00e9cnico Universit\u00e1rio da Sa\u00fade \u2013 (profissionalizante) &#8211; 20 vagas (30 horas)<\/p>\n<p>&#8211; <strong>Realiza\u00e7\u00e3o<\/strong>: em 2018. Data ainda em defini\u00e7\u00e3o.<\/p>\n<p>&nbsp;<\/p>\n<p>Fonte: Ag\u00eancia Minas<\/p>\n","protected":false},"excerpt":{"rendered":"<p>O Governo do Estado acaba de autorizar a realiza\u00e7\u00e3o de um novo concurso p\u00fablico, na Universidade Estadual de Montes Claros (Unimontes), para substitui\u00e7\u00e3o de servidores desligados ap\u00f3s setembro de 2015. Ao todo, s\u00e3o 96 vagas em cargos de analistas e t\u00e9cnicos universit\u00e1rios na institui\u00e7\u00e3o. A realiza\u00e7\u00e3o do certame veio com o aval da C\u00e2mara de [&hellip;]<\/p>\n","protected":false},"author":96,"featured_media":93329,"comment_status":"closed","ping_status":"closed","sticky":false,"template":"","format":"standard","meta":{"footnotes":""},"categories":[280],"tags":[],"class_list":["post-93330","post","type-post","status-publish","format-standard","has-post-thumbnail","hentry","category-concurso"],"_links":{"self":[{"href":"https:\/\/diarioregionaldigital.com.br\/index.php?rest_route=\/wp\/v2\/posts\/93330","targetHints":{"allow":["GET"]}}],"collection":[{"href":"https:\/\/diarioregionaldigital.com.br\/index.php?rest_route=\/wp\/v2\/posts"}],"about":[{"href":"https:\/\/diarioregionaldigital.com.br\/index.php?rest_route=\/wp\/v2\/types\/post"}],"author":[{"embeddable":true,"href":"https:\/\/diarioregionaldigital.com.br\/index.php?rest_route=\/wp\/v2\/users\/96"}],"replies":[{"embeddable":true,"href":"https:\/\/diarioregionaldigital.com.br\/index.php?rest_route=%2Fwp%2Fv2%2Fcomments&post=93330"}],"version-history":[{"count":0,"href":"https:\/\/diarioregionaldigital.com.br\/index.php?rest_route=\/wp\/v2\/posts\/93330\/revisions"}],"wp:featuredmedia":[{"embeddable":true,"href":"https:\/\/diarioregionaldigital.com.br\/index.php?rest_route=\/wp\/v2\/media\/93329"}],"wp:attachment":[{"href":"https:\/\/diarioregionaldigital.com.br\/index.php?rest_route=%2Fwp%2Fv2%2Fmedia&parent=93330"}],"wp:term":[{"taxonomy":"category","embeddable":true,"href":"https:\/\/diarioregionaldigital.com.br\/index.php?rest_route=%2Fwp%2Fv2%2Fcategories&post=93330"},{"taxonomy":"post_tag","embeddable":true,"href":"https:\/\/diarioregionaldigital.com.br\/index.php?rest_route=%2Fwp%2Fv2%2Ftags&post=93330"}],"curies":[{"name":"wp","href":"https:\/\/api.w.org\/{rel}","templated":true}]}}