{"id":93328,"date":"2018-03-07T19:40:19","date_gmt":"2018-03-07T22:40:19","guid":{"rendered":"http:\/\/diarioregionaljf.com.br\/2018\/03\/07\/pais-reclamam-de-falta-de-vagas-em-creches-municipais\/"},"modified":"2018-03-07T19:40:19","modified_gmt":"2018-03-07T22:40:19","slug":"pais-reclamam-de-falta-de-vagas-em-creches-municipais","status":"publish","type":"post","link":"https:\/\/diarioregionaldigital.com.br\/?p=93328","title":{"rendered":"Pais reclamam de falta de vagas em creches municipais"},"content":{"rendered":"<p>Pais de crian\u00e7as de Juiz de Fora est\u00e3o reclamando da falta de vagas nas creches p\u00fablicas da cidade. Desde o ano passado, diversas fam\u00edlias procuraram o Conselho Tutelar do munic\u00edpio para pedir ajuda. A diarista Geralda Maria Aparecida Rodrigues de Paula \u00e9 uma das pessoas que pediram apoio. M\u00e3e de oito filhos, h\u00e1 cerca de um ano ela tenta matricular duas crian\u00e7as de 5 anos na escola, mas n\u00e3o encontra vagas.<\/p>\n<p>\u201cFiquei na fila de espera durante o ano passado todo. Est\u00e1 muito complicado conseguir uma vaga. Acaba que o desenvolvimento dos meus filhos fica comprometido. Ano passado, eles j\u00e1 perderam o primeiro per\u00edodo, ser\u00e1 que vai acontecer de novo este ano?\u201d, questionou ela.<\/p>\n<p>E n\u00e3o \u00e9 s\u00f3 a educa\u00e7\u00e3o dos filhos que preocupa Geralda. Moradora do bairro Bonfim, na zona Leste, a diarista j\u00e1 percorreu a cidade em busca de vagas. \u201cFui at\u00e9 o bairro Centen\u00e1rio (zona Nordeste) e nada\u201d, lembra. \u201cEnquanto a crian\u00e7a n\u00e3o estuda, a gente deixa com algum respons\u00e1vel. O problema \u00e9 que nem sempre essa pessoa est\u00e1 dispon\u00edvel. Costuma eu deixar de trabalhar para cuidar dos meus filhos. A vaga \u00e9 muito necess\u00e1ria, tanto para o desenvolvimento da crian\u00e7a quanto para nos dar tranquilidade\u201d, afirma.<\/p>\n<p>O Conselho Tutelar estima que cerca de 200 crian\u00e7as de Juiz de Fora aguardam na lista de espera. O conselheiro Laurindo Rodrigues explica que est\u00e1 previsto na Constitui\u00e7\u00e3o que \u00e9 dever do munic\u00edpio oferecer creches e escolas de ensino infantil gratuito para todas as crian\u00e7as. \u201cA matr\u00edcula \u00e9 obrigat\u00f3ria por lei, mas as turmas est\u00e3o todas cheias. O trabalho do conselho \u00e9 combater a evas\u00e3o escolar, mas, a partir do momento que vamos cobrar os pais sobre a aus\u00eancia dos filhos na escola e a vaga n\u00e3o est\u00e1 dispon\u00edvel, todo o servi\u00e7o fica prejudicado\u201d, disse.<\/p>\n<p>Outro problema apontado por Rodrigues \u00e9 que a vaga disponibilizada nem sempre atende \u00e0 necessidade dos respons\u00e1veis pela crian\u00e7a. \u201cO que vem acontecendo com frequ\u00eancia \u00e9 uma vaga sair em uma escola da zona Norte, por exemplo, para alunos que moram na zona Sul. Fica praticamente invi\u00e1vel para os pais, pois eles ter\u00e3o ainda mais gastos com a locomo\u00e7\u00e3o de um bairro para o outro\u201d, refor\u00e7a ele, acrescentando que o Conselho j\u00e1 encaminhou of\u00edcio para a Secretaria de Educa\u00e7\u00e3o (SE) do munic\u00edpio, solicitando provid\u00eancias.<\/p>\n<p>&nbsp;<\/p>\n<h4>ESCLARECIMENTOS<\/h4>\n<p>Em nota, a Secretaria de Educa\u00e7\u00e3o informa que, em 2017, assim como em todos os anos, foi realizado o cadastro escolar, estrat\u00e9gia de chamamento para os interessados em ingressar na rede p\u00fablica este ano. &#8220;Dos 7.026 cadastros realizados, todas as matr\u00edculas foram efetivadas. Ap\u00f3s a matr\u00edcula, as escolas recebem o interesse de matr\u00edcula dos alunos n\u00e3o cadastrados, e encaminham \u00e0 SE para reorganiza\u00e7\u00e3o de turmas j\u00e1 existentes, ou abertura de novas turmas. Hoje, s\u00e3o 148 o n\u00famero de alunos que se encontram nesse processo de rastreamento e que em breve estar\u00e3o estudando&#8221;, esclarece a pasta.<\/p>\n<p>A Secretaria ainda ressalta que, de fevereiro at\u00e9 agora, foram abertas 22 turmas de educa\u00e7\u00e3o infantil e 12 de ensino fundamental.<\/p>\n","protected":false},"excerpt":{"rendered":"<p>Pais de crian\u00e7as de Juiz de Fora est\u00e3o reclamando da falta de vagas nas creches p\u00fablicas da cidade. Desde o ano passado, diversas fam\u00edlias procuraram o Conselho Tutelar do munic\u00edpio para pedir ajuda. A diarista Geralda Maria Aparecida Rodrigues de Paula \u00e9 uma das pessoas que pediram apoio. M\u00e3e de oito filhos, h\u00e1 cerca de [&hellip;]<\/p>\n","protected":false},"author":96,"featured_media":93327,"comment_status":"closed","ping_status":"closed","sticky":false,"template":"","format":"standard","meta":{"footnotes":""},"categories":[253],"tags":[],"class_list":["post-93328","post","type-post","status-publish","format-standard","has-post-thumbnail","hentry","category-cidade"],"_links":{"self":[{"href":"https:\/\/diarioregionaldigital.com.br\/index.php?rest_route=\/wp\/v2\/posts\/93328","targetHints":{"allow":["GET"]}}],"collection":[{"href":"https:\/\/diarioregionaldigital.com.br\/index.php?rest_route=\/wp\/v2\/posts"}],"about":[{"href":"https:\/\/diarioregionaldigital.com.br\/index.php?rest_route=\/wp\/v2\/types\/post"}],"author":[{"embeddable":true,"href":"https:\/\/diarioregionaldigital.com.br\/index.php?rest_route=\/wp\/v2\/users\/96"}],"replies":[{"embeddable":true,"href":"https:\/\/diarioregionaldigital.com.br\/index.php?rest_route=%2Fwp%2Fv2%2Fcomments&post=93328"}],"version-history":[{"count":0,"href":"https:\/\/diarioregionaldigital.com.br\/index.php?rest_route=\/wp\/v2\/posts\/93328\/revisions"}],"wp:featuredmedia":[{"embeddable":true,"href":"https:\/\/diarioregionaldigital.com.br\/index.php?rest_route=\/wp\/v2\/media\/93327"}],"wp:attachment":[{"href":"https:\/\/diarioregionaldigital.com.br\/index.php?rest_route=%2Fwp%2Fv2%2Fmedia&parent=93328"}],"wp:term":[{"taxonomy":"category","embeddable":true,"href":"https:\/\/diarioregionaldigital.com.br\/index.php?rest_route=%2Fwp%2Fv2%2Fcategories&post=93328"},{"taxonomy":"post_tag","embeddable":true,"href":"https:\/\/diarioregionaldigital.com.br\/index.php?rest_route=%2Fwp%2Fv2%2Ftags&post=93328"}],"curies":[{"name":"wp","href":"https:\/\/api.w.org\/{rel}","templated":true}]}}