{"id":93326,"date":"2018-03-07T19:24:51","date_gmt":"2018-03-07T22:24:51","guid":{"rendered":"http:\/\/diarioregionaljf.com.br\/2018\/03\/07\/cesama-vai-trocar-470-metros-de-redes-de-agua-no-bairro-esplanada-nesta-quinta-feira\/"},"modified":"2018-03-07T19:24:51","modified_gmt":"2018-03-07T22:24:51","slug":"cesama-vai-trocar-470-metros-de-redes-de-agua-no-bairro-esplanada-nesta-quinta-feira","status":"publish","type":"post","link":"https:\/\/diarioregionaldigital.com.br\/?p=93326","title":{"rendered":"Cesama vai trocar 470 metros de redes de \u00e1gua no Bairro Esplanada nesta quinta-feira"},"content":{"rendered":"<p>Nesta quinta-feira, 8, a Companhia de Saneamento Municipal (Cesama) iniciar\u00e1 os trabalhos de substitui\u00e7\u00e3o de 470 metros da rede de \u00e1gua da Rua Maria Luiza Tostes, no Bairro Esplanada. A previs\u00e3o \u00e9 de que a obra seja conclu\u00edda at\u00e9 meados de mar\u00e7o. Para a execu\u00e7\u00e3o dos servi\u00e7os, ser\u00e1 preciso interditar parcialmente a via, de segunda a sexta-feira, das 8h \u00e0s 17h. Ao final de cada dia, o trecho ser\u00e1 liberado.<\/p>\n<p>As a\u00e7\u00f5es de remodela\u00e7\u00e3o s\u00e3o realizadas ao longo de todo o ano, seguindo programa\u00e7\u00e3o de prioridades, quando \u00e9 avaliada a necessidade de troca. Esta an\u00e1lise leva em conta a antiguidade e o desgaste do material, o fato de o dimensionamento da tubula\u00e7\u00e3o j\u00e1 n\u00e3o ser compat\u00edvel com o n\u00famero de im\u00f3veis atendidos e os transtornos causados aos usu\u00e1rios do sistema, al\u00e9m dos custos de manuten\u00e7\u00e3o.<\/p>\n<p>&nbsp;<\/p>\n<p>Fonte: Assessoria<\/p>\n","protected":false},"excerpt":{"rendered":"<p>Nesta quinta-feira, 8, a Companhia de Saneamento Municipal (Cesama) iniciar\u00e1 os trabalhos de substitui\u00e7\u00e3o de 470 metros da rede de \u00e1gua da Rua Maria Luiza Tostes, no Bairro Esplanada. A previs\u00e3o \u00e9 de que a obra seja conclu\u00edda at\u00e9 meados de mar\u00e7o. Para a execu\u00e7\u00e3o dos servi\u00e7os, ser\u00e1 preciso interditar parcialmente a via, de segunda [&hellip;]<\/p>\n","protected":false},"author":96,"featured_media":93325,"comment_status":"closed","ping_status":"closed","sticky":false,"template":"","format":"standard","meta":{"footnotes":""},"categories":[253],"tags":[],"class_list":["post-93326","post","type-post","status-publish","format-standard","has-post-thumbnail","hentry","category-cidade"],"_links":{"self":[{"href":"https:\/\/diarioregionaldigital.com.br\/index.php?rest_route=\/wp\/v2\/posts\/93326","targetHints":{"allow":["GET"]}}],"collection":[{"href":"https:\/\/diarioregionaldigital.com.br\/index.php?rest_route=\/wp\/v2\/posts"}],"about":[{"href":"https:\/\/diarioregionaldigital.com.br\/index.php?rest_route=\/wp\/v2\/types\/post"}],"author":[{"embeddable":true,"href":"https:\/\/diarioregionaldigital.com.br\/index.php?rest_route=\/wp\/v2\/users\/96"}],"replies":[{"embeddable":true,"href":"https:\/\/diarioregionaldigital.com.br\/index.php?rest_route=%2Fwp%2Fv2%2Fcomments&post=93326"}],"version-history":[{"count":0,"href":"https:\/\/diarioregionaldigital.com.br\/index.php?rest_route=\/wp\/v2\/posts\/93326\/revisions"}],"wp:featuredmedia":[{"embeddable":true,"href":"https:\/\/diarioregionaldigital.com.br\/index.php?rest_route=\/wp\/v2\/media\/93325"}],"wp:attachment":[{"href":"https:\/\/diarioregionaldigital.com.br\/index.php?rest_route=%2Fwp%2Fv2%2Fmedia&parent=93326"}],"wp:term":[{"taxonomy":"category","embeddable":true,"href":"https:\/\/diarioregionaldigital.com.br\/index.php?rest_route=%2Fwp%2Fv2%2Fcategories&post=93326"},{"taxonomy":"post_tag","embeddable":true,"href":"https:\/\/diarioregionaldigital.com.br\/index.php?rest_route=%2Fwp%2Fv2%2Ftags&post=93326"}],"curies":[{"name":"wp","href":"https:\/\/api.w.org\/{rel}","templated":true}]}}