{"id":93322,"date":"2018-03-07T19:05:16","date_gmt":"2018-03-07T22:05:16","guid":{"rendered":"http:\/\/diarioregionaljf.com.br\/2018\/03\/07\/adolescente-de-15-anos-e-detido-por-trafico-de-drogas-no-vila-ideal\/"},"modified":"2018-03-07T19:05:16","modified_gmt":"2018-03-07T22:05:16","slug":"adolescente-de-15-anos-e-detido-por-trafico-de-drogas-no-vila-ideal","status":"publish","type":"post","link":"https:\/\/diarioregionaldigital.com.br\/?p=93322","title":{"rendered":"Adolescente de 15 anos \u00e9 detido por tr\u00e1fico de drogas no Vila Ideal"},"content":{"rendered":"<p>Um adolescente de 15 anos foi detido por envolvimento com o tr\u00e1fico de drogas no bairro Vila Ideal, zona Sudeste, na noite dessa ter\u00e7a-feira, 6.<\/p>\n<p>Conforme o registro de ocorr\u00eancia da Pol\u00edcia Militar (PM), o menor foi abordado na Rua Jos\u00e9 Monteiro e com ele foram localizados uma bucha de maconha e a quantia de R$194.<\/p>\n<p>Ainda segundo o registro, em uma barra de ferro perto do local onde o adolescente foi abordado, os militares encontraram uma sacola contendo 43 pedras de crack, cinco papelotes de coca\u00edna e uma bucha de maconha.<\/p>\n<p>O menor e o material apreendidos foram conduzidos a delegacia.<\/p>\n","protected":false},"excerpt":{"rendered":"<p>Um adolescente de 15 anos foi detido por envolvimento com o tr\u00e1fico de drogas no bairro Vila Ideal, zona Sudeste, na noite dessa ter\u00e7a-feira, 6. Conforme o registro de ocorr\u00eancia da Pol\u00edcia Militar (PM), o menor foi abordado na Rua Jos\u00e9 Monteiro e com ele foram localizados uma bucha de maconha e a quantia de [&hellip;]<\/p>\n","protected":false},"author":96,"featured_media":93321,"comment_status":"closed","ping_status":"closed","sticky":false,"template":"","format":"standard","meta":{"footnotes":""},"categories":[301],"tags":[],"class_list":["post-93322","post","type-post","status-publish","format-standard","has-post-thumbnail","hentry","category-artigos-policiais"],"_links":{"self":[{"href":"https:\/\/diarioregionaldigital.com.br\/index.php?rest_route=\/wp\/v2\/posts\/93322","targetHints":{"allow":["GET"]}}],"collection":[{"href":"https:\/\/diarioregionaldigital.com.br\/index.php?rest_route=\/wp\/v2\/posts"}],"about":[{"href":"https:\/\/diarioregionaldigital.com.br\/index.php?rest_route=\/wp\/v2\/types\/post"}],"author":[{"embeddable":true,"href":"https:\/\/diarioregionaldigital.com.br\/index.php?rest_route=\/wp\/v2\/users\/96"}],"replies":[{"embeddable":true,"href":"https:\/\/diarioregionaldigital.com.br\/index.php?rest_route=%2Fwp%2Fv2%2Fcomments&post=93322"}],"version-history":[{"count":0,"href":"https:\/\/diarioregionaldigital.com.br\/index.php?rest_route=\/wp\/v2\/posts\/93322\/revisions"}],"wp:featuredmedia":[{"embeddable":true,"href":"https:\/\/diarioregionaldigital.com.br\/index.php?rest_route=\/wp\/v2\/media\/93321"}],"wp:attachment":[{"href":"https:\/\/diarioregionaldigital.com.br\/index.php?rest_route=%2Fwp%2Fv2%2Fmedia&parent=93322"}],"wp:term":[{"taxonomy":"category","embeddable":true,"href":"https:\/\/diarioregionaldigital.com.br\/index.php?rest_route=%2Fwp%2Fv2%2Fcategories&post=93322"},{"taxonomy":"post_tag","embeddable":true,"href":"https:\/\/diarioregionaldigital.com.br\/index.php?rest_route=%2Fwp%2Fv2%2Ftags&post=93322"}],"curies":[{"name":"wp","href":"https:\/\/api.w.org\/{rel}","templated":true}]}}