{"id":93320,"date":"2018-03-07T18:51:57","date_gmt":"2018-03-07T21:51:57","guid":{"rendered":"http:\/\/diarioregionaljf.com.br\/2018\/03\/07\/seap-confirma-soltura-de-ex-reitor-henrique-duque\/"},"modified":"2018-03-07T18:51:57","modified_gmt":"2018-03-07T21:51:57","slug":"seap-confirma-soltura-de-ex-reitor-henrique-duque","status":"publish","type":"post","link":"https:\/\/diarioregionaldigital.com.br\/?p=93320","title":{"rendered":"Seap confirma soltura de ex-reitor Henrique Duque"},"content":{"rendered":"<p>A Secretaria de Estado de Administra\u00e7\u00e3o Prisional (Seap) confirmou a soltura do ex-reitor da Universidade Federal de Juiz de Fora (UFJF), Henrique Duque, preso preventivamente no Centro de Remanejamento do Sistema Prisional (Ceresp) desde o dia 21 de fevereiro. Conforme informa\u00e7\u00f5es da Seap, Duque deixou a unidade \u00e0s 19h12 dessa ter\u00e7a-feira, 6.<\/p>\n<p>O ex-reitor e outras quatro pessoas foram presos pela Pol\u00edcia Federal (PF) durante a Opera\u00e7\u00e3o Editor, que apura fraudes em licita\u00e7\u00e3o, falsidade ideol\u00f3gica em documentos p\u00fablicos, concess\u00e3o de vantagens contratuais indevidas, superfaturamento e peculato envolvendo as obras do Hospital Universit\u00e1rio (HU) da UFJF.<\/p>\n<p>Ainda segundo informa\u00e7\u00f5es da Secretaria, o ex-pro-reitor de planejamento da institui\u00e7\u00e3o, Carlos El\u00edzio Barral Ferreira, teve Habeas Corpus concedido pela Justi\u00e7a tamb\u00e9m nessa ter\u00e7a-feira, 6. Tr\u00eas dias antes, um alvar\u00e1 de soltura foi concedido \u00e0 Renato Moraes Salvador Silva, diretor-presidente da empresa contratada para as obras. J\u00e1 o ex-secret\u00e1rio de Assuntos Jur\u00eddicos da UFJF, Nilson Rog\u00e9rio Pinto Le\u00e3o, preso em 22 de fevereiro, continua detido no Ceresp.<\/p>\n","protected":false},"excerpt":{"rendered":"<p>A Secretaria de Estado de Administra\u00e7\u00e3o Prisional (Seap) confirmou a soltura do ex-reitor da Universidade Federal de Juiz de Fora (UFJF), Henrique Duque, preso preventivamente no Centro de Remanejamento do Sistema Prisional (Ceresp) desde o dia 21 de fevereiro. Conforme informa\u00e7\u00f5es da Seap, Duque deixou a unidade \u00e0s 19h12 dessa ter\u00e7a-feira, 6. O ex-reitor e [&hellip;]<\/p>\n","protected":false},"author":96,"featured_media":93319,"comment_status":"closed","ping_status":"closed","sticky":false,"template":"","format":"standard","meta":{"footnotes":""},"categories":[253],"tags":[],"class_list":["post-93320","post","type-post","status-publish","format-standard","has-post-thumbnail","hentry","category-cidade"],"_links":{"self":[{"href":"https:\/\/diarioregionaldigital.com.br\/index.php?rest_route=\/wp\/v2\/posts\/93320","targetHints":{"allow":["GET"]}}],"collection":[{"href":"https:\/\/diarioregionaldigital.com.br\/index.php?rest_route=\/wp\/v2\/posts"}],"about":[{"href":"https:\/\/diarioregionaldigital.com.br\/index.php?rest_route=\/wp\/v2\/types\/post"}],"author":[{"embeddable":true,"href":"https:\/\/diarioregionaldigital.com.br\/index.php?rest_route=\/wp\/v2\/users\/96"}],"replies":[{"embeddable":true,"href":"https:\/\/diarioregionaldigital.com.br\/index.php?rest_route=%2Fwp%2Fv2%2Fcomments&post=93320"}],"version-history":[{"count":0,"href":"https:\/\/diarioregionaldigital.com.br\/index.php?rest_route=\/wp\/v2\/posts\/93320\/revisions"}],"wp:featuredmedia":[{"embeddable":true,"href":"https:\/\/diarioregionaldigital.com.br\/index.php?rest_route=\/wp\/v2\/media\/93319"}],"wp:attachment":[{"href":"https:\/\/diarioregionaldigital.com.br\/index.php?rest_route=%2Fwp%2Fv2%2Fmedia&parent=93320"}],"wp:term":[{"taxonomy":"category","embeddable":true,"href":"https:\/\/diarioregionaldigital.com.br\/index.php?rest_route=%2Fwp%2Fv2%2Fcategories&post=93320"},{"taxonomy":"post_tag","embeddable":true,"href":"https:\/\/diarioregionaldigital.com.br\/index.php?rest_route=%2Fwp%2Fv2%2Ftags&post=93320"}],"curies":[{"name":"wp","href":"https:\/\/api.w.org\/{rel}","templated":true}]}}