{"id":93318,"date":"2018-03-07T18:38:16","date_gmt":"2018-03-07T21:38:16","guid":{"rendered":"http:\/\/diarioregionaljf.com.br\/2018\/03\/07\/governadores-do-nordeste-assinam-acordo-de-cooperacao-em-seguranca-publica\/"},"modified":"2018-03-07T18:38:16","modified_gmt":"2018-03-07T21:38:16","slug":"governadores-do-nordeste-assinam-acordo-de-cooperacao-em-seguranca-publica","status":"publish","type":"post","link":"https:\/\/diarioregionaldigital.com.br\/?p=93318","title":{"rendered":"Governadores do Nordeste assinam acordo de coopera\u00e7\u00e3o em seguran\u00e7a p\u00fablica"},"content":{"rendered":"<p>Oito dos nove governadores de estados do Nordeste se reuniram nessa ter\u00e7a-feira, 6, em Teresina, para debater os desafios da seguran\u00e7a p\u00fablica na regi\u00e3o e defenderam a implementa\u00e7\u00e3o de a\u00e7\u00f5es integradas de combate ao crime em \u00e2mbito regional. Durante o encontro, eles assinaram um acordo de coopera\u00e7\u00e3o para criar o Sistema Regional de Seguran\u00e7a P\u00fablica e Gest\u00e3o Penitenci\u00e1ria, que prev\u00ea encontros peri\u00f3dicos para compartilhar informa\u00e7\u00f5es e implementar projetos e programas de combate e preven\u00e7\u00e3o ao crime.<\/p>\n<p>Participaram da reuni\u00e3o o anfitri\u00e3o Wellington Dias, governador do Piau\u00ed; Renan Filho, de Alagoas; Rui Costa, da Bahia; Camilo Santana, do Cear\u00e1; Fl\u00e1vio Dino, do Maranh\u00e3o; Ricardo Coutinho, da Para\u00edba; Paulo C\u00e2mara, de Pernambuco; Robinson Faria, do Rio Grande do Norte; al\u00e9m do vice-governador de Sergipe, Belivaldo Chagas.<\/p>\n<p>Segundo dados dos governos apresentados no evento, o Nordeste responde por 40% dos assassinatos registrados no Brasil.<\/p>\n<p>Na Carta de Teresina, documento assinado ao final do encontro, os governadores defenderam a cria\u00e7\u00e3o de um fundo e a instala\u00e7\u00e3o de um centro regional de intelig\u00eancia da Pol\u00edcia Federal no Cear\u00e1. Esses pontos constam de um of\u00edcio que ser\u00e1 encaminhado ao ministro da Seguran\u00e7a P\u00fablica, Raul Jungmann.<\/p>\n<p>\u201cNo Brasil, n\u00e3o existe estrat\u00e9gia nacional de enfrentamento \u00e0 criminalidade e \u00e0 viol\u00eancia, as quais ganham a cada dia contornos nacionais e transnacionais. O enfrentamento desordenado do crime favorece o fen\u00f4meno da migra\u00e7\u00e3o, visto que quando se fortalecem a\u00e7\u00f5es de repress\u00e3o em um determinado Estado ou territ\u00f3rio, os delitos e criminosos se deslocam para \u00e1reas que n\u00e3o se encontram fortalecidas\u201d, explica o documento, referindo-se \u00e1 din\u00e2mica das fac\u00e7\u00f5es criminosas.<\/p>\n<p>O encontro de governadores do Nordeste ocorre dias depois de o presidente Michel Temer reunir governadores de todo pa\u00eds para tratar do tema em Bras\u00edlia e anunciar linha de cr\u00e9dito destinada aos estados para investimentos na \u00e1rea.<\/p>\n<h4>&nbsp;<\/h4>\n<h4>SECRET\u00c1RIOS ESTADUAIS<\/h4>\n<p>O evento foi precedido pela reuni\u00e3o dos secret\u00e1rios dos estados nordestinos de Justi\u00e7a e Seguran\u00e7a P\u00fablica, realizada na segunda-feira, 5, e que definiu a cess\u00e3o para os demais estados da regi\u00e3o do Sistema de Intelig\u00eancia de Cadastro e Acompanhamento de Fac\u00e7\u00f5es (Sicaf), desenvolvido pelo Governo do Piau\u00ed para monitorar detentos e criminosos. O sistema usa dados policiais e georreferenciamento.<\/p>\n<p>\u201cFaz-se necess\u00e1ria a cria\u00e7\u00e3o de mecanismos que possibilitem a\u00e7\u00f5es integradas de enfrentamento \u00e0 viol\u00eancia, baseadas no monitoramento constante da sua din\u00e2mica nacional, permitindo, atrav\u00e9s da an\u00e1lise das condi\u00e7\u00f5es previs\u00edveis de migra\u00e7\u00e3o do crime e do criminoso, estabelecer a\u00e7\u00f5es capazes de neutralizar esse deslocamento\u201d, defende a carta.<\/p>\n<p>Fonte: Ag\u00eancia Brasil<\/p>\n","protected":false},"excerpt":{"rendered":"<p>Oito dos nove governadores de estados do Nordeste se reuniram nessa ter\u00e7a-feira, 6, em Teresina, para debater os desafios da seguran\u00e7a p\u00fablica na regi\u00e3o e defenderam a implementa\u00e7\u00e3o de a\u00e7\u00f5es integradas de combate ao crime em \u00e2mbito regional. Durante o encontro, eles assinaram um acordo de coopera\u00e7\u00e3o para criar o Sistema Regional de Seguran\u00e7a P\u00fablica [&hellip;]<\/p>\n","protected":false},"author":96,"featured_media":93317,"comment_status":"closed","ping_status":"closed","sticky":false,"template":"","format":"standard","meta":{"footnotes":""},"categories":[302],"tags":[],"class_list":["post-93318","post","type-post","status-publish","format-standard","has-post-thumbnail","hentry","category-brasil-mundo"],"_links":{"self":[{"href":"https:\/\/diarioregionaldigital.com.br\/index.php?rest_route=\/wp\/v2\/posts\/93318","targetHints":{"allow":["GET"]}}],"collection":[{"href":"https:\/\/diarioregionaldigital.com.br\/index.php?rest_route=\/wp\/v2\/posts"}],"about":[{"href":"https:\/\/diarioregionaldigital.com.br\/index.php?rest_route=\/wp\/v2\/types\/post"}],"author":[{"embeddable":true,"href":"https:\/\/diarioregionaldigital.com.br\/index.php?rest_route=\/wp\/v2\/users\/96"}],"replies":[{"embeddable":true,"href":"https:\/\/diarioregionaldigital.com.br\/index.php?rest_route=%2Fwp%2Fv2%2Fcomments&post=93318"}],"version-history":[{"count":0,"href":"https:\/\/diarioregionaldigital.com.br\/index.php?rest_route=\/wp\/v2\/posts\/93318\/revisions"}],"wp:featuredmedia":[{"embeddable":true,"href":"https:\/\/diarioregionaldigital.com.br\/index.php?rest_route=\/wp\/v2\/media\/93317"}],"wp:attachment":[{"href":"https:\/\/diarioregionaldigital.com.br\/index.php?rest_route=%2Fwp%2Fv2%2Fmedia&parent=93318"}],"wp:term":[{"taxonomy":"category","embeddable":true,"href":"https:\/\/diarioregionaldigital.com.br\/index.php?rest_route=%2Fwp%2Fv2%2Fcategories&post=93318"},{"taxonomy":"post_tag","embeddable":true,"href":"https:\/\/diarioregionaldigital.com.br\/index.php?rest_route=%2Fwp%2Fv2%2Ftags&post=93318"}],"curies":[{"name":"wp","href":"https:\/\/api.w.org\/{rel}","templated":true}]}}