{"id":93312,"date":"2018-03-07T17:20:45","date_gmt":"2018-03-07T20:20:45","guid":{"rendered":"http:\/\/diarioregionaljf.com.br\/2018\/03\/07\/instituicao-de-ensino-tem-mais-de-r-16-mil-roubados-de-cofre\/"},"modified":"2018-03-07T17:20:45","modified_gmt":"2018-03-07T20:20:45","slug":"instituicao-de-ensino-tem-mais-de-r-16-mil-roubados-de-cofre","status":"publish","type":"post","link":"https:\/\/diarioregionaldigital.com.br\/?p=93312","title":{"rendered":"Institui\u00e7\u00e3o de ensino tem mais de R$16 mil roubados de cofre"},"content":{"rendered":"<p>A Pol\u00edcia Militar (PM) registrou nesta ter\u00e7a-feira, 6, um roubo a uma institui\u00e7\u00e3o de ensino localizada foi roubada no bairro Benfica, zona Norte da cidade.<\/p>\n<p>De acordo com o registro de ocorr\u00eancias, no \u00faltimo dia 26 de fevereiro, um encarregado pela infraestutura da institui\u00e7\u00e3o, de 24 anos, constatou o fruto de R$10.039,00 em dinheiro e R$6.211,15 em cheques, retirados do interior de um cofre. O registro s\u00f3 foi realizado nesta ter\u00e7a.<\/p>\n<p>De acordo com informa\u00e7\u00f5es da PM o cofre n\u00e3o tinha nenhum sinal de arrombamento.<\/p>\n<p>At\u00e9 o momento nenhum suspeito foi identificado. O caso dever\u00e1 ser investigado.<\/p>\n<p>No dia 19 de fevereiro, <a href=\"policial\/24316-instituicao-de-ensino-tem-quase-r-10-mil-roubados-de-cofre\">outra unidade da mesma rede da institui\u00e7\u00e3o de ensino, tamb\u00e9m teve seu cofre roubado&nbsp;e praticamente da mesma forma.<\/a> O caso ocorreu no bairro Nova Era.<\/p>\n","protected":false},"excerpt":{"rendered":"<p>A Pol\u00edcia Militar (PM) registrou nesta ter\u00e7a-feira, 6, um roubo a uma institui\u00e7\u00e3o de ensino localizada foi roubada no bairro Benfica, zona Norte da cidade. De acordo com o registro de ocorr\u00eancias, no \u00faltimo dia 26 de fevereiro, um encarregado pela infraestutura da institui\u00e7\u00e3o, de 24 anos, constatou o fruto de R$10.039,00 em dinheiro e [&hellip;]<\/p>\n","protected":false},"author":96,"featured_media":93311,"comment_status":"closed","ping_status":"closed","sticky":false,"template":"","format":"standard","meta":{"footnotes":""},"categories":[301],"tags":[],"class_list":["post-93312","post","type-post","status-publish","format-standard","has-post-thumbnail","hentry","category-artigos-policiais"],"_links":{"self":[{"href":"https:\/\/diarioregionaldigital.com.br\/index.php?rest_route=\/wp\/v2\/posts\/93312","targetHints":{"allow":["GET"]}}],"collection":[{"href":"https:\/\/diarioregionaldigital.com.br\/index.php?rest_route=\/wp\/v2\/posts"}],"about":[{"href":"https:\/\/diarioregionaldigital.com.br\/index.php?rest_route=\/wp\/v2\/types\/post"}],"author":[{"embeddable":true,"href":"https:\/\/diarioregionaldigital.com.br\/index.php?rest_route=\/wp\/v2\/users\/96"}],"replies":[{"embeddable":true,"href":"https:\/\/diarioregionaldigital.com.br\/index.php?rest_route=%2Fwp%2Fv2%2Fcomments&post=93312"}],"version-history":[{"count":0,"href":"https:\/\/diarioregionaldigital.com.br\/index.php?rest_route=\/wp\/v2\/posts\/93312\/revisions"}],"wp:featuredmedia":[{"embeddable":true,"href":"https:\/\/diarioregionaldigital.com.br\/index.php?rest_route=\/wp\/v2\/media\/93311"}],"wp:attachment":[{"href":"https:\/\/diarioregionaldigital.com.br\/index.php?rest_route=%2Fwp%2Fv2%2Fmedia&parent=93312"}],"wp:term":[{"taxonomy":"category","embeddable":true,"href":"https:\/\/diarioregionaldigital.com.br\/index.php?rest_route=%2Fwp%2Fv2%2Fcategories&post=93312"},{"taxonomy":"post_tag","embeddable":true,"href":"https:\/\/diarioregionaldigital.com.br\/index.php?rest_route=%2Fwp%2Fv2%2Ftags&post=93312"}],"curies":[{"name":"wp","href":"https:\/\/api.w.org\/{rel}","templated":true}]}}