{"id":93310,"date":"2018-03-07T14:59:03","date_gmt":"2018-03-07T17:59:03","guid":{"rendered":"http:\/\/diarioregionaljf.com.br\/2018\/03\/07\/senhor-de-78-anos-e-agredido-e-assaltado-no-bairro-sao-pedro\/"},"modified":"2018-03-07T14:59:03","modified_gmt":"2018-03-07T17:59:03","slug":"senhor-de-78-anos-e-agredido-e-assaltado-no-bairro-sao-pedro","status":"publish","type":"post","link":"https:\/\/diarioregionaldigital.com.br\/?p=93310","title":{"rendered":"Senhor de 78 anos \u00e9 agredido e assaltado no bairro S\u00e3o Pedro"},"content":{"rendered":"<p>Um senhor de 78 anos foi agredido e assaltado na manh\u00e3 desta ter\u00e7a-feira, 6, no bairro S\u00e3o Pedro, localizado na zona Oeste.<\/p>\n<p>De acordo com a Pol\u00edcia Militar (PM), o senhor caminhava pela Rua Jos\u00e9 Louren\u00e7o Kelmer quando foi atacado pelas costas por um indiv\u00edduo.<\/p>\n<p>O autor, um jovem de 24 anos, agarrou a v\u00edtima pelo pesco\u00e7o e o imobilizou. Ap\u00f3s a a\u00e7\u00e3o, retirou a quantia de R$100 do bolso da cal\u00e7a do senhor e fugiu.<\/p>\n<p>A PM foi acionada e o autor identificado como um jovem, usu\u00e1rio de drogas, que frenquentemente est\u00e1 presente na regi\u00e3o. Buscas foram realizadas, entretanto ele n\u00e3o foi localizado.<\/p>\n","protected":false},"excerpt":{"rendered":"<p>Um senhor de 78 anos foi agredido e assaltado na manh\u00e3 desta ter\u00e7a-feira, 6, no bairro S\u00e3o Pedro, localizado na zona Oeste. De acordo com a Pol\u00edcia Militar (PM), o senhor caminhava pela Rua Jos\u00e9 Louren\u00e7o Kelmer quando foi atacado pelas costas por um indiv\u00edduo. O autor, um jovem de 24 anos, agarrou a v\u00edtima [&hellip;]<\/p>\n","protected":false},"author":96,"featured_media":93309,"comment_status":"closed","ping_status":"closed","sticky":false,"template":"","format":"standard","meta":{"footnotes":""},"categories":[301],"tags":[],"class_list":["post-93310","post","type-post","status-publish","format-standard","has-post-thumbnail","hentry","category-artigos-policiais"],"_links":{"self":[{"href":"https:\/\/diarioregionaldigital.com.br\/index.php?rest_route=\/wp\/v2\/posts\/93310","targetHints":{"allow":["GET"]}}],"collection":[{"href":"https:\/\/diarioregionaldigital.com.br\/index.php?rest_route=\/wp\/v2\/posts"}],"about":[{"href":"https:\/\/diarioregionaldigital.com.br\/index.php?rest_route=\/wp\/v2\/types\/post"}],"author":[{"embeddable":true,"href":"https:\/\/diarioregionaldigital.com.br\/index.php?rest_route=\/wp\/v2\/users\/96"}],"replies":[{"embeddable":true,"href":"https:\/\/diarioregionaldigital.com.br\/index.php?rest_route=%2Fwp%2Fv2%2Fcomments&post=93310"}],"version-history":[{"count":0,"href":"https:\/\/diarioregionaldigital.com.br\/index.php?rest_route=\/wp\/v2\/posts\/93310\/revisions"}],"wp:featuredmedia":[{"embeddable":true,"href":"https:\/\/diarioregionaldigital.com.br\/index.php?rest_route=\/wp\/v2\/media\/93309"}],"wp:attachment":[{"href":"https:\/\/diarioregionaldigital.com.br\/index.php?rest_route=%2Fwp%2Fv2%2Fmedia&parent=93310"}],"wp:term":[{"taxonomy":"category","embeddable":true,"href":"https:\/\/diarioregionaldigital.com.br\/index.php?rest_route=%2Fwp%2Fv2%2Fcategories&post=93310"},{"taxonomy":"post_tag","embeddable":true,"href":"https:\/\/diarioregionaldigital.com.br\/index.php?rest_route=%2Fwp%2Fv2%2Ftags&post=93310"}],"curies":[{"name":"wp","href":"https:\/\/api.w.org\/{rel}","templated":true}]}}