{"id":93305,"date":"2018-03-07T14:29:17","date_gmt":"2018-03-07T17:29:17","guid":{"rendered":"http:\/\/diarioregionaljf.com.br\/2018\/03\/07\/prefeitura-municipal-de-tocantins-pp-009-2018\/"},"modified":"2018-08-13T20:38:14","modified_gmt":"2018-08-13T23:38:14","slug":"prefeitura-municipal-de-tocantins-pp-009-2018","status":"publish","type":"post","link":"https:\/\/diarioregionaldigital.com.br\/?p=93305","title":{"rendered":"PREFEITURA MUNICIPAL DE TOCANTINS PP 009-2018"},"content":{"rendered":"<p>AVISO DE LICITA\u00c7\u00c2O<br \/>Licita\u00e7\u00e3o n\u00b0 011\/2018<br \/>Modalidade de Preg\u00e3o Presencial n\u00b0 009\/2018<br \/>O Munic\u00edpio de TOCANTINS, na forma da lei, faz saber a todos os interessados que far\u00e1 licita\u00e7\u00e3o na modalidade de preg\u00e3o presencial para Registro de Pre\u00e7os para fornecimento de CARNES BOVINAS para atender as Escolas e Creches Municipais e o Abrigo Municipal de Tocantins, no dia 16 de mar\u00e7o de 2018, \u00e0s 14:00 horas na sala da comiss\u00e3o de licita\u00e7\u00e3o, localizada na Av. Padre Mac\u00e1rio, n\u00b0 129, bairro Centro, munic\u00edpio de TOCANTINS. O edital completo encontra-se a disposi\u00e7\u00e3o dos interessados no endere\u00e7o citado anteriormente, no hor\u00e1rio de expediente de 08:00 as 11:00 horas e 13:00 as 16:00 horas.<br \/>TOCANTINS, 05 de mar\u00e7o de 2017. MARIA DE F\u00c1TIMA DA SILVA RODRIGUES &#8211; PREGOEIRA<\/p>\n","protected":false},"excerpt":{"rendered":"<p>AVISO DE LICITA\u00c7\u00c2OLicita\u00e7\u00e3o n\u00b0 011\/2018Modalidade de Preg\u00e3o Presencial n\u00b0 009\/2018O Munic\u00edpio de TOCANTINS, na forma da lei, faz saber a todos os interessados que far\u00e1 licita\u00e7\u00e3o na modalidade de preg\u00e3o presencial para Registro de Pre\u00e7os para fornecimento de CARNES BOVINAS para atender as Escolas e Creches Municipais e o Abrigo Municipal de Tocantins, no dia [&hellip;]<\/p>\n","protected":false},"author":96,"featured_media":0,"comment_status":"closed","ping_status":"closed","sticky":false,"template":"","format":"standard","meta":{"footnotes":""},"categories":[307],"tags":[],"class_list":["post-93305","post","type-post","status-publish","format-standard","hentry","category-editais"],"_links":{"self":[{"href":"https:\/\/diarioregionaldigital.com.br\/index.php?rest_route=\/wp\/v2\/posts\/93305","targetHints":{"allow":["GET"]}}],"collection":[{"href":"https:\/\/diarioregionaldigital.com.br\/index.php?rest_route=\/wp\/v2\/posts"}],"about":[{"href":"https:\/\/diarioregionaldigital.com.br\/index.php?rest_route=\/wp\/v2\/types\/post"}],"author":[{"embeddable":true,"href":"https:\/\/diarioregionaldigital.com.br\/index.php?rest_route=\/wp\/v2\/users\/96"}],"replies":[{"embeddable":true,"href":"https:\/\/diarioregionaldigital.com.br\/index.php?rest_route=%2Fwp%2Fv2%2Fcomments&post=93305"}],"version-history":[{"count":0,"href":"https:\/\/diarioregionaldigital.com.br\/index.php?rest_route=\/wp\/v2\/posts\/93305\/revisions"}],"wp:attachment":[{"href":"https:\/\/diarioregionaldigital.com.br\/index.php?rest_route=%2Fwp%2Fv2%2Fmedia&parent=93305"}],"wp:term":[{"taxonomy":"category","embeddable":true,"href":"https:\/\/diarioregionaldigital.com.br\/index.php?rest_route=%2Fwp%2Fv2%2Fcategories&post=93305"},{"taxonomy":"post_tag","embeddable":true,"href":"https:\/\/diarioregionaldigital.com.br\/index.php?rest_route=%2Fwp%2Fv2%2Ftags&post=93305"}],"curies":[{"name":"wp","href":"https:\/\/api.w.org\/{rel}","templated":true}]}}