{"id":93304,"date":"2018-03-07T14:27:36","date_gmt":"2018-03-07T17:27:36","guid":{"rendered":"http:\/\/diarioregionaljf.com.br\/2018\/03\/07\/prefeitura-municipal-de-tocantins-convenio-n-001-2018\/"},"modified":"2018-08-13T20:38:15","modified_gmt":"2018-08-13T23:38:15","slug":"prefeitura-municipal-de-tocantins-convenio-n-001-2018","status":"publish","type":"post","link":"https:\/\/diarioregionaldigital.com.br\/?p=93304","title":{"rendered":"PREFEITURA MUNICIPAL DE TOCANTINS CONV\u00caNIO N\u00ba 001\/2018"},"content":{"rendered":"<p>PREFEITURA MUNICIPAL DE TOCANTINS<br \/>CONV\u00caNIO N\u00ba 001\/2018<br \/>TERMO SIMPLIFICADO DE CONV\u00caNIO DE COOPERA\u00c7\u00c3O M\u00daTUA QUE ENTRE SI CELEBRAM O MUNIC\u00cdPIO DE TOCANTINS E O JU\u00cdZO DA VARA CRIMINAL DA INF\u00c2NCIA E DA JUVENTUDE DA COMARCA DE UB\u00c1-MG<br \/>OBJETO: 40 LITROS DE GASOLINA COMUM (MENSAL)<br \/>VIG\u00caNCIA: 31 DE DEZEMBRO DE 2018<br \/>TOCANTINS (MG), 23 DE FEVEREIRO DE 2018.<\/p>\n","protected":false},"excerpt":{"rendered":"<p>PREFEITURA MUNICIPAL DE TOCANTINSCONV\u00caNIO N\u00ba 001\/2018TERMO SIMPLIFICADO DE CONV\u00caNIO DE COOPERA\u00c7\u00c3O M\u00daTUA QUE ENTRE SI CELEBRAM O MUNIC\u00cdPIO DE TOCANTINS E O JU\u00cdZO DA VARA CRIMINAL DA INF\u00c2NCIA E DA JUVENTUDE DA COMARCA DE UB\u00c1-MGOBJETO: 40 LITROS DE GASOLINA COMUM (MENSAL)VIG\u00caNCIA: 31 DE DEZEMBRO DE 2018TOCANTINS (MG), 23 DE FEVEREIRO DE 2018.<\/p>\n","protected":false},"author":96,"featured_media":0,"comment_status":"closed","ping_status":"closed","sticky":false,"template":"","format":"standard","meta":{"footnotes":""},"categories":[307],"tags":[],"class_list":["post-93304","post","type-post","status-publish","format-standard","hentry","category-editais"],"_links":{"self":[{"href":"https:\/\/diarioregionaldigital.com.br\/index.php?rest_route=\/wp\/v2\/posts\/93304","targetHints":{"allow":["GET"]}}],"collection":[{"href":"https:\/\/diarioregionaldigital.com.br\/index.php?rest_route=\/wp\/v2\/posts"}],"about":[{"href":"https:\/\/diarioregionaldigital.com.br\/index.php?rest_route=\/wp\/v2\/types\/post"}],"author":[{"embeddable":true,"href":"https:\/\/diarioregionaldigital.com.br\/index.php?rest_route=\/wp\/v2\/users\/96"}],"replies":[{"embeddable":true,"href":"https:\/\/diarioregionaldigital.com.br\/index.php?rest_route=%2Fwp%2Fv2%2Fcomments&post=93304"}],"version-history":[{"count":0,"href":"https:\/\/diarioregionaldigital.com.br\/index.php?rest_route=\/wp\/v2\/posts\/93304\/revisions"}],"wp:attachment":[{"href":"https:\/\/diarioregionaldigital.com.br\/index.php?rest_route=%2Fwp%2Fv2%2Fmedia&parent=93304"}],"wp:term":[{"taxonomy":"category","embeddable":true,"href":"https:\/\/diarioregionaldigital.com.br\/index.php?rest_route=%2Fwp%2Fv2%2Fcategories&post=93304"},{"taxonomy":"post_tag","embeddable":true,"href":"https:\/\/diarioregionaldigital.com.br\/index.php?rest_route=%2Fwp%2Fv2%2Ftags&post=93304"}],"curies":[{"name":"wp","href":"https:\/\/api.w.org\/{rel}","templated":true}]}}