{"id":93303,"date":"2018-03-07T14:23:49","date_gmt":"2018-03-07T17:23:49","guid":{"rendered":"http:\/\/diarioregionaljf.com.br\/2018\/03\/07\/prefeitura-municipal-de-rio-pomba-licitacao-026-2018\/"},"modified":"2018-08-13T20:38:15","modified_gmt":"2018-08-13T23:38:15","slug":"prefeitura-municipal-de-rio-pomba-licitacao-026-2018","status":"publish","type":"post","link":"https:\/\/diarioregionaldigital.com.br\/?p=93303","title":{"rendered":"Prefeitura Municipal de Rio Pomba Licita\u00e7\u00e3o 026-2018"},"content":{"rendered":"<p>PREFEITURA MUNICIPAL DE RIO POMBA<br \/>LICITA\u00c7\u00c3O 026\/2018<br \/>O Munic\u00edpio de Rio Pomba torna p\u00fablico que far\u00e1<br \/>realizar a Licita\u00e7\u00e3o n\u00ba 026\/2018, na Modalidade<br \/>\u201cPreg\u00e3o\u201d com procedimento \u201cPresencial\u201d e<br \/>julgamento pelo \u201cTipo Menor Pre\u00e7o\u201d, para<br \/>aquisi\u00e7\u00e3o de brinquedos pedag\u00f3gicos conforme<br \/>Termo de Compromisso PAR n\u00ba 201306234 firmado<br \/>entre o munic\u00edpio de Rio Pomba e o FNDE. A sess\u00e3o<br \/>ter\u00e1 in\u00edcio \u00e0s 14:00 horas (quatorze horas) do dia<br \/>21 de mar\u00e7o de 2018, na Sala de Licita\u00e7\u00f5es da<br \/>Prefeitura, situada \u00e0 Av. Raul Soares, 15, no<br \/>Munic\u00edpio de Rio Pomba\/MG. O edital de licita\u00e7\u00e3o<br \/>est\u00e1 \u00e0 disposi\u00e7\u00e3o dos interessados nos dias \u00fateis no<br \/>local j\u00e1 mencionado no hor\u00e1rio comercial. Rio<br \/>Pomba, 06 de mar\u00e7o de 2018. Carla Nolasco<br \/>Martins Vieira Coimbra. Pregoeira<\/p>\n","protected":false},"excerpt":{"rendered":"<p>PREFEITURA MUNICIPAL DE RIO POMBALICITA\u00c7\u00c3O 026\/2018O Munic\u00edpio de Rio Pomba torna p\u00fablico que far\u00e1realizar a Licita\u00e7\u00e3o n\u00ba 026\/2018, na Modalidade\u201cPreg\u00e3o\u201d com procedimento \u201cPresencial\u201d ejulgamento pelo \u201cTipo Menor Pre\u00e7o\u201d, paraaquisi\u00e7\u00e3o de brinquedos pedag\u00f3gicos conformeTermo de Compromisso PAR n\u00ba 201306234 firmadoentre o munic\u00edpio de Rio Pomba e o FNDE. A sess\u00e3oter\u00e1 in\u00edcio \u00e0s 14:00 horas (quatorze horas) [&hellip;]<\/p>\n","protected":false},"author":96,"featured_media":0,"comment_status":"closed","ping_status":"closed","sticky":false,"template":"","format":"standard","meta":{"footnotes":""},"categories":[307],"tags":[],"class_list":["post-93303","post","type-post","status-publish","format-standard","hentry","category-editais"],"_links":{"self":[{"href":"https:\/\/diarioregionaldigital.com.br\/index.php?rest_route=\/wp\/v2\/posts\/93303","targetHints":{"allow":["GET"]}}],"collection":[{"href":"https:\/\/diarioregionaldigital.com.br\/index.php?rest_route=\/wp\/v2\/posts"}],"about":[{"href":"https:\/\/diarioregionaldigital.com.br\/index.php?rest_route=\/wp\/v2\/types\/post"}],"author":[{"embeddable":true,"href":"https:\/\/diarioregionaldigital.com.br\/index.php?rest_route=\/wp\/v2\/users\/96"}],"replies":[{"embeddable":true,"href":"https:\/\/diarioregionaldigital.com.br\/index.php?rest_route=%2Fwp%2Fv2%2Fcomments&post=93303"}],"version-history":[{"count":0,"href":"https:\/\/diarioregionaldigital.com.br\/index.php?rest_route=\/wp\/v2\/posts\/93303\/revisions"}],"wp:attachment":[{"href":"https:\/\/diarioregionaldigital.com.br\/index.php?rest_route=%2Fwp%2Fv2%2Fmedia&parent=93303"}],"wp:term":[{"taxonomy":"category","embeddable":true,"href":"https:\/\/diarioregionaldigital.com.br\/index.php?rest_route=%2Fwp%2Fv2%2Fcategories&post=93303"},{"taxonomy":"post_tag","embeddable":true,"href":"https:\/\/diarioregionaldigital.com.br\/index.php?rest_route=%2Fwp%2Fv2%2Ftags&post=93303"}],"curies":[{"name":"wp","href":"https:\/\/api.w.org\/{rel}","templated":true}]}}