{"id":93302,"date":"2018-03-07T13:52:42","date_gmt":"2018-03-07T16:52:42","guid":{"rendered":"http:\/\/diarioregionaljf.com.br\/2018\/03\/07\/edital-de-convocacao-centro-medico-rio-branco\/"},"modified":"2018-08-13T20:37:49","modified_gmt":"2018-08-13T23:37:49","slug":"edital-de-convocacao-centro-medico-rio-branco","status":"publish","type":"post","link":"https:\/\/diarioregionaldigital.com.br\/?p=93302","title":{"rendered":"EDITAL DE CONVOCA\u00c7\u00c3O &#8211; CENTRO M\u00c9DICO RIO BRANCO"},"content":{"rendered":"<p style=\"text-align: left;\">EDITAL DE CONVOCA\u00c7\u00c3O<br \/>ATO ASSEMBLEIA GERAL ORDIN\u00c1RIA<br \/>Pelo presente, ficam os senhores s\u00f3cios do CENTRO M\u00c9DICO RIO BRANCO, constantes no Contrato Social da Empresa, convocados para<br \/>a reuni\u00e3o ordin\u00e1ria a realizar-se no dia 19 de mar\u00e7o de 2018 \u00e0s 19:30h, na sede da empresa, para a seguinte ordem do dia:<br \/>ELEI\u00c7\u00c3O DE NOVA DIRETORIA PARA O BI\u00caNIO 2017-2019;<br \/>RELAT\u00d3RIO DO CONTROLE DE INFEC\u00c7\u00c3O HOSPITALAR;<br \/>RELAT\u00d3RIO DA AUDITORIA CONT\u00c1BIL;<br \/>ASSUNTOS GERAIS.<br \/>Juiz de Fora 02 de mar\u00e7o de 2018<br \/>Dr. MARCO ANT\u00d4NIO MENEZES COELHO DA SILVA<br \/>Diretor Administrativo Financeiro<\/p>\n","protected":false},"excerpt":{"rendered":"<p>EDITAL DE CONVOCA\u00c7\u00c3OATO ASSEMBLEIA GERAL ORDIN\u00c1RIAPelo presente, ficam os senhores s\u00f3cios do CENTRO M\u00c9DICO RIO BRANCO, constantes no Contrato Social da Empresa, convocados paraa reuni\u00e3o ordin\u00e1ria a realizar-se no dia 19 de mar\u00e7o de 2018 \u00e0s 19:30h, na sede da empresa, para a seguinte ordem do dia:ELEI\u00c7\u00c3O DE NOVA DIRETORIA PARA O BI\u00caNIO 2017-2019;RELAT\u00d3RIO DO [&hellip;]<\/p>\n","protected":false},"author":96,"featured_media":0,"comment_status":"closed","ping_status":"closed","sticky":false,"template":"","format":"standard","meta":{"footnotes":""},"categories":[307],"tags":[],"class_list":["post-93302","post","type-post","status-publish","format-standard","hentry","category-editais"],"_links":{"self":[{"href":"https:\/\/diarioregionaldigital.com.br\/index.php?rest_route=\/wp\/v2\/posts\/93302","targetHints":{"allow":["GET"]}}],"collection":[{"href":"https:\/\/diarioregionaldigital.com.br\/index.php?rest_route=\/wp\/v2\/posts"}],"about":[{"href":"https:\/\/diarioregionaldigital.com.br\/index.php?rest_route=\/wp\/v2\/types\/post"}],"author":[{"embeddable":true,"href":"https:\/\/diarioregionaldigital.com.br\/index.php?rest_route=\/wp\/v2\/users\/96"}],"replies":[{"embeddable":true,"href":"https:\/\/diarioregionaldigital.com.br\/index.php?rest_route=%2Fwp%2Fv2%2Fcomments&post=93302"}],"version-history":[{"count":0,"href":"https:\/\/diarioregionaldigital.com.br\/index.php?rest_route=\/wp\/v2\/posts\/93302\/revisions"}],"wp:attachment":[{"href":"https:\/\/diarioregionaldigital.com.br\/index.php?rest_route=%2Fwp%2Fv2%2Fmedia&parent=93302"}],"wp:term":[{"taxonomy":"category","embeddable":true,"href":"https:\/\/diarioregionaldigital.com.br\/index.php?rest_route=%2Fwp%2Fv2%2Fcategories&post=93302"},{"taxonomy":"post_tag","embeddable":true,"href":"https:\/\/diarioregionaldigital.com.br\/index.php?rest_route=%2Fwp%2Fv2%2Ftags&post=93302"}],"curies":[{"name":"wp","href":"https:\/\/api.w.org\/{rel}","templated":true}]}}