{"id":93301,"date":"2018-03-07T12:18:36","date_gmt":"2018-03-07T15:18:36","guid":{"rendered":"http:\/\/diarioregionaljf.com.br\/2018\/03\/07\/mulher-e-assaltada-por-trio-com-faca-no-bairro-benfica\/"},"modified":"2018-03-07T12:18:36","modified_gmt":"2018-03-07T15:18:36","slug":"mulher-e-assaltada-por-trio-com-faca-no-bairro-benfica","status":"publish","type":"post","link":"https:\/\/diarioregionaldigital.com.br\/?p=93301","title":{"rendered":"Mulher \u00e9 assaltada por trio com faca no bairro Benfica"},"content":{"rendered":"<p>Uma mulher de 38 anos foi v\u00edtima de um assalto na tarde desta ter\u00e7a-feira, 6, no bairro Benfica, localizado na zona Norte da cidade.<\/p>\n<p>De acordo com o registro de ocorr\u00eancias da Pol\u00edcia Militar (PM), a mulher transitava pela Rua Evaristo da Veiga quando foi surpreendida por tr\u00eas indiv\u00edduos que anunciaram o assalto.<\/p>\n<p>Os autores, um deles armado com uma faca, roubaram da v\u00edtima duas lanternas e ap\u00f3s a a\u00e7\u00e3o fugiram.<\/p>\n<p>A PM foi acionada e ap\u00f3s rastreamentos pela regi\u00e3o localizaram os tr\u00eas assaltantes. Os indiv\u00edduos, de 18, 30 e 38 anos, foram presos em flagrante e encaminhados para a delegacia.<\/p>\n<p>O material roubado foi recuperado.<\/p>\n","protected":false},"excerpt":{"rendered":"<p>Uma mulher de 38 anos foi v\u00edtima de um assalto na tarde desta ter\u00e7a-feira, 6, no bairro Benfica, localizado na zona Norte da cidade. De acordo com o registro de ocorr\u00eancias da Pol\u00edcia Militar (PM), a mulher transitava pela Rua Evaristo da Veiga quando foi surpreendida por tr\u00eas indiv\u00edduos que anunciaram o assalto. Os autores, [&hellip;]<\/p>\n","protected":false},"author":96,"featured_media":93300,"comment_status":"closed","ping_status":"closed","sticky":false,"template":"","format":"standard","meta":{"footnotes":""},"categories":[301],"tags":[],"class_list":["post-93301","post","type-post","status-publish","format-standard","has-post-thumbnail","hentry","category-artigos-policiais"],"_links":{"self":[{"href":"https:\/\/diarioregionaldigital.com.br\/index.php?rest_route=\/wp\/v2\/posts\/93301","targetHints":{"allow":["GET"]}}],"collection":[{"href":"https:\/\/diarioregionaldigital.com.br\/index.php?rest_route=\/wp\/v2\/posts"}],"about":[{"href":"https:\/\/diarioregionaldigital.com.br\/index.php?rest_route=\/wp\/v2\/types\/post"}],"author":[{"embeddable":true,"href":"https:\/\/diarioregionaldigital.com.br\/index.php?rest_route=\/wp\/v2\/users\/96"}],"replies":[{"embeddable":true,"href":"https:\/\/diarioregionaldigital.com.br\/index.php?rest_route=%2Fwp%2Fv2%2Fcomments&post=93301"}],"version-history":[{"count":0,"href":"https:\/\/diarioregionaldigital.com.br\/index.php?rest_route=\/wp\/v2\/posts\/93301\/revisions"}],"wp:featuredmedia":[{"embeddable":true,"href":"https:\/\/diarioregionaldigital.com.br\/index.php?rest_route=\/wp\/v2\/media\/93300"}],"wp:attachment":[{"href":"https:\/\/diarioregionaldigital.com.br\/index.php?rest_route=%2Fwp%2Fv2%2Fmedia&parent=93301"}],"wp:term":[{"taxonomy":"category","embeddable":true,"href":"https:\/\/diarioregionaldigital.com.br\/index.php?rest_route=%2Fwp%2Fv2%2Fcategories&post=93301"},{"taxonomy":"post_tag","embeddable":true,"href":"https:\/\/diarioregionaldigital.com.br\/index.php?rest_route=%2Fwp%2Fv2%2Ftags&post=93301"}],"curies":[{"name":"wp","href":"https:\/\/api.w.org\/{rel}","templated":true}]}}