{"id":93299,"date":"2018-03-07T00:12:19","date_gmt":"2018-03-07T03:12:19","guid":{"rendered":"http:\/\/diarioregionaljf.com.br\/2018\/03\/07\/banco-central-assina-acordo-para-estimular-educacao-financeira\/"},"modified":"2018-03-07T00:12:19","modified_gmt":"2018-03-07T03:12:19","slug":"banco-central-assina-acordo-para-estimular-educacao-financeira","status":"publish","type":"post","link":"https:\/\/diarioregionaldigital.com.br\/?p=93299","title":{"rendered":"Banco Central assina acordo para estimular educa\u00e7\u00e3o financeira"},"content":{"rendered":"<p>O Banco Central (BC), a Confedera\u00e7\u00e3o Nacional dos Dirigentes Lojistas (CNDL) e o Servi\u00e7o de Prote\u00e7\u00e3o ao Cr\u00e9dito (SPC Brasil) assinaram nesta ter\u00e7a-feira, 6, acordo de coopera\u00e7\u00e3o t\u00e9cnica para estimular a\u00e7\u00f5es coordenadas na \u00e1rea de cidadania financeira, de inclus\u00e3o e de prote\u00e7\u00e3o aos usu\u00e1rios de produtos e servi\u00e7os financeiros. Os consumidores ter\u00e3o acesso a palestras e a cursos de educa\u00e7\u00e3o financeira para aprenderem a gerir melhor o pr\u00f3prio dinheiro.<\/p>\n<p>Pelo acordo, que tem dura\u00e7\u00e3o de dois anos, o BC divulgar\u00e1 conte\u00fados de educa\u00e7\u00e3o financeira na plataforma digital Cidadania Financeira. O \u00f3rg\u00e3o tamb\u00e9m promover\u00e1 a\u00e7\u00f5es de capacita\u00e7\u00e3o e treinamento. O SPC Brasil compartilhar\u00e1 o conte\u00fado produzido pelo BC em seus canais, como o site Meu Bolso Feliz e o aplicativo SPC Consumidor. A entidade repassar\u00e1 pesquisas \u00e0 autoridade monet\u00e1ria.<\/p>\n<p>Segundo o diretor de Rela\u00e7\u00f5es Institucionais e Cidadania do BC, Isaac Sidney Ferreira, a bancariza\u00e7\u00e3o (acesso a servi\u00e7os banc\u00e1rios) cresceu 3,3% nos \u00faltimos dez anos. Ele, no entanto, disse que grande parte da popula\u00e7\u00e3o usa mal o cr\u00e9dito e se endivida al\u00e9m do necess\u00e1rio. De acordo com o diretor, a melhoria da gest\u00e3o poder\u00e1 refletir-se na redu\u00e7\u00e3o do spread banc\u00e1rio &#8211; diferen\u00e7a entre os juros que os bancos captam recursos e as taxas que eles oferecem aos tomadores finais.<\/p>\n<p>\u201cTodos n\u00f3s temos de promover a cidadania financeira, da\u00ed a import\u00e2ncia de o Banco Central firmar parcerias. Vamos conjugar esfor\u00e7os, fazer o interc\u00e2mbio de dados agregados, casando demandas e acessos a servi\u00e7os financeiros. Esse diagn\u00f3stico comportamental daquele que usa o varejo e o cr\u00e9dito pode nos ajudar a avaliar o impacto de pol\u00edticas p\u00fablicas importantes\u201d, declarou o diretor ap\u00f3s assinar o acordo.<\/p>\n<p>&nbsp;<\/p>\n<h4>MELHORIAS<\/h4>\n<p>De acordo com a CNDL e o SPC Brasil, em janeiro, 22% dos brasileiros tiveram cr\u00e9dito negado ao tentar parcelar uma compra em estabelecimentos comerciais ou contratar servi\u00e7os a prazo. Para 36% deles, faltaram comprova\u00e7\u00e3o ou sufici\u00eancia de renda. Um em cada tr\u00eas teve restri\u00e7\u00f5es ao CPF devido \u00e0 inadimpl\u00eancia.<\/p>\n<p>Para o presidente da CNDL, Jos\u00e9 C\u00e9sar Costa, o acordo poder\u00e1 resultar em melhoria da vida dos consumidores e aumentar a capacidade de consumo da popula\u00e7\u00e3o. O presidente do SPC Brasil, Roque Pellizzaro, disse que a organiza\u00e7\u00e3o financeira \u00e9 t\u00e3o importante para o consumidor como para as empresas.<\/p>\n<p>\u201cO desenvolvimento do Brasil s\u00f3 vai ocorrer quando todo cidad\u00e3o tiver seu or\u00e7amento organizado. Isso inclui as pequenas empresas, que muitas vezes n\u00e3o sobrevivem porque os empres\u00e1rios n\u00e3o t\u00eam no\u00e7\u00e3o do uso adequado de recursos. Esse acordo tem muito a contribuir para a cidadania financeira, fundamental para o desenvolvimento sustent\u00e1vel de longo prazo da nossa moeda\u201d, afirmou Pellizzaro. Ele pediu a aprova\u00e7\u00e3o do projeto de lei que amplia o cadastro positivo (rela\u00e7\u00e3o de bons pagadores), para melhorar o acesso ao cr\u00e9dito no pa\u00eds e reduzir os juros m\u00e9dios aos tomadores finais.<\/p>\n<p>&nbsp;<\/p>\n<p>Fonte: Ag\u00eancia Brasil<\/p>\n","protected":false},"excerpt":{"rendered":"<p>O Banco Central (BC), a Confedera\u00e7\u00e3o Nacional dos Dirigentes Lojistas (CNDL) e o Servi\u00e7o de Prote\u00e7\u00e3o ao Cr\u00e9dito (SPC Brasil) assinaram nesta ter\u00e7a-feira, 6, acordo de coopera\u00e7\u00e3o t\u00e9cnica para estimular a\u00e7\u00f5es coordenadas na \u00e1rea de cidadania financeira, de inclus\u00e3o e de prote\u00e7\u00e3o aos usu\u00e1rios de produtos e servi\u00e7os financeiros. Os consumidores ter\u00e3o acesso a palestras [&hellip;]<\/p>\n","protected":false},"author":96,"featured_media":93298,"comment_status":"closed","ping_status":"closed","sticky":false,"template":"","format":"standard","meta":{"footnotes":""},"categories":[261],"tags":[],"class_list":["post-93299","post","type-post","status-publish","format-standard","has-post-thumbnail","hentry","category-economia"],"_links":{"self":[{"href":"https:\/\/diarioregionaldigital.com.br\/index.php?rest_route=\/wp\/v2\/posts\/93299","targetHints":{"allow":["GET"]}}],"collection":[{"href":"https:\/\/diarioregionaldigital.com.br\/index.php?rest_route=\/wp\/v2\/posts"}],"about":[{"href":"https:\/\/diarioregionaldigital.com.br\/index.php?rest_route=\/wp\/v2\/types\/post"}],"author":[{"embeddable":true,"href":"https:\/\/diarioregionaldigital.com.br\/index.php?rest_route=\/wp\/v2\/users\/96"}],"replies":[{"embeddable":true,"href":"https:\/\/diarioregionaldigital.com.br\/index.php?rest_route=%2Fwp%2Fv2%2Fcomments&post=93299"}],"version-history":[{"count":0,"href":"https:\/\/diarioregionaldigital.com.br\/index.php?rest_route=\/wp\/v2\/posts\/93299\/revisions"}],"wp:featuredmedia":[{"embeddable":true,"href":"https:\/\/diarioregionaldigital.com.br\/index.php?rest_route=\/wp\/v2\/media\/93298"}],"wp:attachment":[{"href":"https:\/\/diarioregionaldigital.com.br\/index.php?rest_route=%2Fwp%2Fv2%2Fmedia&parent=93299"}],"wp:term":[{"taxonomy":"category","embeddable":true,"href":"https:\/\/diarioregionaldigital.com.br\/index.php?rest_route=%2Fwp%2Fv2%2Fcategories&post=93299"},{"taxonomy":"post_tag","embeddable":true,"href":"https:\/\/diarioregionaldigital.com.br\/index.php?rest_route=%2Fwp%2Fv2%2Ftags&post=93299"}],"curies":[{"name":"wp","href":"https:\/\/api.w.org\/{rel}","templated":true}]}}