{"id":93297,"date":"2018-03-07T00:03:43","date_gmt":"2018-03-07T03:03:43","guid":{"rendered":"http:\/\/diarioregionaljf.com.br\/2018\/03\/07\/camara-anuncia-repasse-de-r-230-milhoes-ao-ministerio-da-seguranca-publica\/"},"modified":"2018-03-07T00:03:43","modified_gmt":"2018-03-07T03:03:43","slug":"camara-anuncia-repasse-de-r-230-milhoes-ao-ministerio-da-seguranca-publica","status":"publish","type":"post","link":"https:\/\/diarioregionaldigital.com.br\/?p=93297","title":{"rendered":"C\u00e2mara anuncia repasse de R$230 milh\u00f5es ao Minist\u00e9rio da Seguran\u00e7a P\u00fablica"},"content":{"rendered":"<p>O presidente da C\u00e2mara dos Deputados, Rodrigo Maia, anunciou neste ter\u00e7a-feira, 6, o repasse de R$230 milh\u00f5es para o Minist\u00e9rio Extraordin\u00e1rio da Seguran\u00e7a P\u00fablica. A verba ser\u00e1 usada para combater as drogas e a viol\u00eancia contra a mulher.<\/p>\n<p>Do total repassado \u00e0 pasta, R$200 milh\u00f5es s\u00e3o oriundos do pr\u00f3prio or\u00e7amento da C\u00e2mara e R$30 milh\u00f5es foram deslocados da folha de pagamento dos servidores da Casa.<\/p>\n<p>Segundo Rodrigo Maia, a medida \u00e9 uma colabora\u00e7\u00e3o imediata da C\u00e2mara dos Deputados com a pasta da Seguran\u00e7a P\u00fablica. \u201cMuito mais do que isso, [estamos] dando uma sinaliza\u00e7\u00e3o fundamental para sociedade brasileira, que n\u00f3s entendemos a mensagem do povo brasileiro: o recurso p\u00fablico precisa ser tratado de forma diferente por todos os Poderes\u201d, disse o deputado.<\/p>\n<p>O parlamentar afirmou ainda que a C\u00e2mara dos Deputados economizou mais de R$300 milh\u00f5es no ano passado. \u201cVamos continuar um trabalho para ver onde est\u00e3o os desperd\u00edcios, onde est\u00e3o os gastos excessivos para que n\u00f3s possamos fazer n\u00e3o apenas uma vez, mas v\u00e1rias vezes a possibilidade de devolver ao Or\u00e7amento da Uni\u00e3o, mas devolver atrav\u00e9s de pol\u00edticas que tenham o apoio majorit\u00e1rio dessa Casa\u201d, defendeu.<\/p>\n<p>O ministro da Seguran\u00e7a P\u00fablica, Raul Jungmann, ressaltou que as verbas ser\u00e3o aplicadas em pol\u00edticas de combate \u00e0 viol\u00eancia de g\u00eanero. \u201cNo Brasil de hoje, n\u00f3s temos mais de 70 mil estupros ao ano, o que \u00e9 claramente subnotificado. No Brasil de hoje, ainda, isso \u00e9 uma infelicidade, uma trag\u00e9dia, s\u00e3o mulheres que sofrem abuso, viol\u00eancia, dentro dos seus pr\u00f3prios lares\u201d, disse.<\/p>\n<p>&nbsp;<\/p>\n<p>Fonte: Ag\u00eancia Brasil<\/p>\n","protected":false},"excerpt":{"rendered":"<p>O presidente da C\u00e2mara dos Deputados, Rodrigo Maia, anunciou neste ter\u00e7a-feira, 6, o repasse de R$230 milh\u00f5es para o Minist\u00e9rio Extraordin\u00e1rio da Seguran\u00e7a P\u00fablica. A verba ser\u00e1 usada para combater as drogas e a viol\u00eancia contra a mulher. Do total repassado \u00e0 pasta, R$200 milh\u00f5es s\u00e3o oriundos do pr\u00f3prio or\u00e7amento da C\u00e2mara e R$30 milh\u00f5es [&hellip;]<\/p>\n","protected":false},"author":96,"featured_media":93296,"comment_status":"closed","ping_status":"closed","sticky":false,"template":"","format":"standard","meta":{"footnotes":""},"categories":[254],"tags":[],"class_list":["post-93297","post","type-post","status-publish","format-standard","has-post-thumbnail","hentry","category-politica"],"_links":{"self":[{"href":"https:\/\/diarioregionaldigital.com.br\/index.php?rest_route=\/wp\/v2\/posts\/93297","targetHints":{"allow":["GET"]}}],"collection":[{"href":"https:\/\/diarioregionaldigital.com.br\/index.php?rest_route=\/wp\/v2\/posts"}],"about":[{"href":"https:\/\/diarioregionaldigital.com.br\/index.php?rest_route=\/wp\/v2\/types\/post"}],"author":[{"embeddable":true,"href":"https:\/\/diarioregionaldigital.com.br\/index.php?rest_route=\/wp\/v2\/users\/96"}],"replies":[{"embeddable":true,"href":"https:\/\/diarioregionaldigital.com.br\/index.php?rest_route=%2Fwp%2Fv2%2Fcomments&post=93297"}],"version-history":[{"count":0,"href":"https:\/\/diarioregionaldigital.com.br\/index.php?rest_route=\/wp\/v2\/posts\/93297\/revisions"}],"wp:featuredmedia":[{"embeddable":true,"href":"https:\/\/diarioregionaldigital.com.br\/index.php?rest_route=\/wp\/v2\/media\/93296"}],"wp:attachment":[{"href":"https:\/\/diarioregionaldigital.com.br\/index.php?rest_route=%2Fwp%2Fv2%2Fmedia&parent=93297"}],"wp:term":[{"taxonomy":"category","embeddable":true,"href":"https:\/\/diarioregionaldigital.com.br\/index.php?rest_route=%2Fwp%2Fv2%2Fcategories&post=93297"},{"taxonomy":"post_tag","embeddable":true,"href":"https:\/\/diarioregionaldigital.com.br\/index.php?rest_route=%2Fwp%2Fv2%2Ftags&post=93297"}],"curies":[{"name":"wp","href":"https:\/\/api.w.org\/{rel}","templated":true}]}}