{"id":93293,"date":"2018-03-06T23:25:09","date_gmt":"2018-03-07T02:25:09","guid":{"rendered":"http:\/\/diarioregionaljf.com.br\/2018\/03\/06\/mantra\/"},"modified":"2018-03-06T23:25:09","modified_gmt":"2018-03-07T02:25:09","slug":"mantra","status":"publish","type":"post","link":"https:\/\/diarioregionaldigital.com.br\/?p=93293","title":{"rendered":"Mantra"},"content":{"rendered":"<h4 style=\"text-align: center;\">Mantra<\/h4>\n<p>&nbsp;<\/p>\n<p style=\"text-align: center;\">At\u00e9 parece que foi ensaiado. Como j\u00e1 tinha ocorrido nas exibi\u00e7\u00f5es no Rio e em Belo Horizonte, o cantor e compositor Chico Buarque, na estreia de seu show \u201cCaravanas\u201d, em S\u00e3o Paulo, ouviu, entre uma m\u00fasica e outra, a plateia gritar bem alto \u201cFora Temer\u201d.<\/p>\n<p style=\"text-align: center;\">&nbsp;<\/p>\n<h4 style=\"text-align: center;\">Censura Pr\u00e9via<\/h4>\n<p>&nbsp;<\/p>\n<p style=\"text-align: center;\">O Conselho de Comunica\u00e7\u00e3o do Senado apresentar\u00e1 ante projeto de lei que obrigaria provedores a tirar do ar, sem ordem judicial, conte\u00fados considerados fake news pelos alvos da publica\u00e7\u00e3o. O presidente do Senado n\u00e3o dar\u00e1 prosseguimento \u00e0 iniciativa. A ideia n\u00e3o vai prosperar.<\/p>\n<p style=\"text-align: center;\">&nbsp;<\/p>\n<h4 style=\"text-align: center;\">Olha S\u00f3<\/h4>\n<p>&nbsp;<\/p>\n<p style=\"text-align: center;\">\u00c9 de dar pena a situa\u00e7\u00e3o de algumas entidades assistenciais de Juiz de Fora. A Obra Pequeninos de Jesus, que atende diariamente 140 pessoas em situa\u00e7\u00e3o de rua, amea\u00e7a paralisar suas atividades no Bairro Ladeira, nos pr\u00f3ximos dias. Chegando ao seu limite, a entidade acumula R$26 mil em d\u00edvidas. Se a PJF n\u00e3o repassar a verba, vai fechar.<\/p>\n<p style=\"text-align: center;\">&nbsp;<\/p>\n<h4 style=\"text-align: center;\">Holofotes<\/h4>\n<p>&nbsp;<\/p>\n<p style=\"text-align: center;\">Eterno rei do r\u00e1dio, o cantor Elymar Santos vai aterrissar em Juiz de Fora. Ele se apresenta no dia 10 de mar\u00e7o, \u00e0s 22h, no Hotel Green Hill. No repert\u00f3rio, cl\u00e1ssicos rom\u00e2nticos que fizeram o sucesso de sua carreira.<\/p>\n<p style=\"text-align: center;\">&nbsp;<\/p>\n<h4 style=\"text-align: center;\">Beleza e Arte<\/h4>\n<p>&nbsp;<\/p>\n<p style=\"text-align: center;\">De volta a Juiz de Fora, o espet\u00e1culo Tango &amp; Paix\u00e3o se apresenta dia 10 de mar\u00e7o, \u00e0s 21h, no Cine-Theatro Central. Baseado no tema \u201cUma noite de Tango \u2013 De Carlos Gardel a Astor Piazzola\u201d, tem produ\u00e7\u00e3o local de Helenice Cond\u00e9.<\/p>\n<p>&nbsp;<\/p>\n<p><img loading=\"lazy\" decoding=\"async\" class=\" size-full wp-image-93283\" src=\"http:\/\/diarioregionaljf.com.br\/wp-content\/uploads\/2018\/03\/diario-int-24821-1.jpg\" alt=\"fotoa.jpg\" style=\"display: block; margin-left: auto; margin-right: auto;\" width=\"680\" height=\"450\" srcset=\"https:\/\/diarioregionaldigital.com.br\/wp-content\/uploads\/2018\/03\/diario-int-24821-1.jpg 680w, https:\/\/diarioregionaldigital.com.br\/wp-content\/uploads\/2018\/03\/diario-int-24821-1-300x199.jpg 300w, https:\/\/diarioregionaldigital.com.br\/wp-content\/uploads\/2018\/03\/diario-int-24821-1-360x238.jpg 360w\" sizes=\"auto, (max-width: 680px) 100vw, 680px\" \/><\/p>\n<p style=\"text-align: center;\">Em ritmo hiper colorido, Cassiano Machado comemora o anivers\u00e1rio da bonita Mait\u00ea Saint-Clair, nesta 4\u00aa feira, 7 de mar\u00e7o.<\/p>\n<p>&nbsp;<\/p>\n<p><img loading=\"lazy\" decoding=\"async\" class=\" size-full wp-image-93284\" src=\"http:\/\/diarioregionaljf.com.br\/wp-content\/uploads\/2018\/03\/diario-int-24821-2.jpg\" alt=\"fotob.jpg\" style=\"display: block; margin-left: auto; margin-right: auto;\" width=\"400\" height=\"450\" srcset=\"https:\/\/diarioregionaldigital.com.br\/wp-content\/uploads\/2018\/03\/diario-int-24821-2.jpg 400w, https:\/\/diarioregionaldigital.com.br\/wp-content\/uploads\/2018\/03\/diario-int-24821-2-267x300.jpg 267w, https:\/\/diarioregionaldigital.com.br\/wp-content\/uploads\/2018\/03\/diario-int-24821-2-360x405.jpg 360w\" sizes=\"auto, (max-width: 400px) 100vw, 400px\" \/><\/p>\n<p style=\"text-align: center;\">Despedindo do ver\u00e3o no M\u00e9xico, o melhor dan\u00e7arino do Brasil (Trof\u00e9u Di\u00e1rio Regional\/TVE), W\u00eamerson Goulart.<\/p>\n<p>&nbsp;<\/p>\n<p><img loading=\"lazy\" decoding=\"async\" class=\" size-full wp-image-93285\" src=\"http:\/\/diarioregionaljf.com.br\/wp-content\/uploads\/2018\/03\/diario-int-24821-3.jpg\" alt=\"fotoc.jpg\" style=\"display: block; margin-left: auto; margin-right: auto;\" width=\"600\" height=\"450\" srcset=\"https:\/\/diarioregionaldigital.com.br\/wp-content\/uploads\/2018\/03\/diario-int-24821-3.jpg 600w, https:\/\/diarioregionaldigital.com.br\/wp-content\/uploads\/2018\/03\/diario-int-24821-3-300x225.jpg 300w, https:\/\/diarioregionaldigital.com.br\/wp-content\/uploads\/2018\/03\/diario-int-24821-3-360x270.jpg 360w\" sizes=\"auto, (max-width: 600px) 100vw, 600px\" \/><\/p>\n<p style=\"text-align: center;\">Formando parceria na M. Marques para a festa Euphorika, Hudson Lagrotta e M\u00e1rcio Marques.<\/p>\n<p>&nbsp;<\/p>\n<p><img loading=\"lazy\" decoding=\"async\" class=\" size-full wp-image-93286\" src=\"http:\/\/diarioregionaljf.com.br\/wp-content\/uploads\/2018\/03\/diario-int-24821-4.jpg\" alt=\"fotod.jpg\" style=\"display: block; margin-left: auto; margin-right: auto;\" width=\"600\" height=\"450\" srcset=\"https:\/\/diarioregionaldigital.com.br\/wp-content\/uploads\/2018\/03\/diario-int-24821-4.jpg 600w, https:\/\/diarioregionaldigital.com.br\/wp-content\/uploads\/2018\/03\/diario-int-24821-4-300x225.jpg 300w, https:\/\/diarioregionaldigital.com.br\/wp-content\/uploads\/2018\/03\/diario-int-24821-4-360x270.jpg 360w\" sizes=\"auto, (max-width: 600px) 100vw, 600px\" \/><\/p>\n<p style=\"text-align: center;\">Na Festa Solid\u00e1ria para a Sopa dos Pobres, na sede social do Tupi, Eduardo Gomes e Patr\u00edcia Caniato.<\/p>\n<p>&nbsp;<\/p>\n<p><img loading=\"lazy\" decoding=\"async\" class=\" size-full wp-image-93287\" src=\"http:\/\/diarioregionaljf.com.br\/wp-content\/uploads\/2018\/03\/diario-int-24821-5.jpg\" alt=\"fotoe.jpg\" style=\"display: block; margin-left: auto; margin-right: auto;\" width=\"360\" height=\"450\" srcset=\"https:\/\/diarioregionaldigital.com.br\/wp-content\/uploads\/2018\/03\/diario-int-24821-5.jpg 360w, https:\/\/diarioregionaldigital.com.br\/wp-content\/uploads\/2018\/03\/diario-int-24821-5-240x300.jpg 240w\" sizes=\"auto, (max-width: 360px) 100vw, 360px\" \/><\/p>\n<p style=\"text-align: center;\">Curtindo o ver\u00e3o na Praia de Bacutia, os lindos Elir Andrade e Mariana Loures.<\/p>\n<p>&nbsp;<\/p>\n<p><img loading=\"lazy\" decoding=\"async\" class=\" size-full wp-image-93288\" src=\"http:\/\/diarioregionaljf.com.br\/wp-content\/uploads\/2018\/03\/diario-int-24821-6.jpg\" alt=\"fotof.jpg\" style=\"display: block; margin-left: auto; margin-right: auto;\" width=\"450\" height=\"450\" srcset=\"https:\/\/diarioregionaldigital.com.br\/wp-content\/uploads\/2018\/03\/diario-int-24821-6.jpg 450w, https:\/\/diarioregionaldigital.com.br\/wp-content\/uploads\/2018\/03\/diario-int-24821-6-150x150.jpg 150w, https:\/\/diarioregionaldigital.com.br\/wp-content\/uploads\/2018\/03\/diario-int-24821-6-300x300.jpg 300w, https:\/\/diarioregionaldigital.com.br\/wp-content\/uploads\/2018\/03\/diario-int-24821-6-180x180.jpg 180w, https:\/\/diarioregionaldigital.com.br\/wp-content\/uploads\/2018\/03\/diario-int-24821-6-120x120.jpg 120w, https:\/\/diarioregionaldigital.com.br\/wp-content\/uploads\/2018\/03\/diario-int-24821-6-360x360.jpg 360w, https:\/\/diarioregionaldigital.com.br\/wp-content\/uploads\/2018\/03\/diario-int-24821-6-80x80.jpg 80w\" sizes=\"auto, (max-width: 450px) 100vw, 450px\" \/><\/p>\n<p style=\"text-align: center;\">Contabilizando o sucesso da MultSa\u00fade Benef\u00edcios, a 1\u00aa dama Marcelle Oliveira e seus assessores de imprensa, o jornalista Rafael Rodrigues e o fot\u00f3grafo Felipe Santos.<\/p>\n<p>&nbsp;<\/p>\n<p><img loading=\"lazy\" decoding=\"async\" class=\" size-full wp-image-93289\" src=\"http:\/\/diarioregionaljf.com.br\/wp-content\/uploads\/2018\/03\/diario-int-24821-7.jpg\" alt=\"fotog.jpg\" style=\"display: block; margin-left: auto; margin-right: auto;\" width=\"338\" height=\"450\" srcset=\"https:\/\/diarioregionaldigital.com.br\/wp-content\/uploads\/2018\/03\/diario-int-24821-7.jpg 338w, https:\/\/diarioregionaldigital.com.br\/wp-content\/uploads\/2018\/03\/diario-int-24821-7-225x300.jpg 225w\" sizes=\"auto, (max-width: 338px) 100vw, 338px\" \/><\/p>\n<p style=\"text-align: center;\">Na Loja Veneno no lan\u00e7amento outono, Eduardo Gomes e a elegante Lucinha Silva.<\/p>\n<p>&nbsp;<\/p>\n<p><img loading=\"lazy\" decoding=\"async\" class=\" size-full wp-image-93290\" src=\"http:\/\/diarioregionaljf.com.br\/wp-content\/uploads\/2018\/03\/diario-int-24821-8.jpg\" alt=\"fotoh.jpg\" style=\"display: block; margin-left: auto; margin-right: auto;\" width=\"600\" height=\"450\" srcset=\"https:\/\/diarioregionaldigital.com.br\/wp-content\/uploads\/2018\/03\/diario-int-24821-8.jpg 600w, https:\/\/diarioregionaldigital.com.br\/wp-content\/uploads\/2018\/03\/diario-int-24821-8-300x225.jpg 300w, https:\/\/diarioregionaldigital.com.br\/wp-content\/uploads\/2018\/03\/diario-int-24821-8-360x270.jpg 360w\" sizes=\"auto, (max-width: 600px) 100vw, 600px\" \/><\/p>\n<p style=\"text-align: center;\">Em tarde descontra\u00edda no Bar Lu\u00eds, Fernanda Fraga Zaiden, Raquel e Luanda Santos e Beto Souza, curtiram o samba do Visceral.<\/p>\n<p>&nbsp;<\/p>\n<p><img loading=\"lazy\" decoding=\"async\" class=\" size-full wp-image-93291\" src=\"http:\/\/diarioregionaljf.com.br\/wp-content\/uploads\/2018\/03\/diario-int-24821-9.jpg\" alt=\"fotoi.jpg\" style=\"display: block; margin-left: auto; margin-right: auto;\" width=\"564\" height=\"450\" srcset=\"https:\/\/diarioregionaldigital.com.br\/wp-content\/uploads\/2018\/03\/diario-int-24821-9.jpg 564w, https:\/\/diarioregionaldigital.com.br\/wp-content\/uploads\/2018\/03\/diario-int-24821-9-300x239.jpg 300w, https:\/\/diarioregionaldigital.com.br\/wp-content\/uploads\/2018\/03\/diario-int-24821-9-360x287.jpg 360w\" sizes=\"auto, (max-width: 564px) 100vw, 564px\" \/><\/p>\n<p style=\"text-align: center;\">Gera\u00e7\u00e3o dourada no Muzik com, Juber Pac\u00edfico, Neiton dos Reis, Isabelle Pires e Leandro Leal.<\/p>\n<p>&nbsp;<\/p>\n<p><img loading=\"lazy\" decoding=\"async\" class=\" size-full wp-image-93292\" src=\"http:\/\/diarioregionaljf.com.br\/wp-content\/uploads\/2018\/03\/diario-int-24821-10.jpg\" alt=\"fotoj.jpg\" style=\"display: block; margin-left: auto; margin-right: auto;\" width=\"300\" height=\"450\" srcset=\"https:\/\/diarioregionaldigital.com.br\/wp-content\/uploads\/2018\/03\/diario-int-24821-10.jpg 300w, https:\/\/diarioregionaldigital.com.br\/wp-content\/uploads\/2018\/03\/diario-int-24821-10-200x300.jpg 200w\" sizes=\"auto, (max-width: 300px) 100vw, 300px\" \/><\/p>\n<p style=\"text-align: center;\">A sensualidade Top de Nath\u00e1lia Diorio, emudeceu o que tiro foi esse?<\/p>\n<p>&nbsp;<\/p>\n<h4>&nbsp;<\/h4>\n<h4 style=\"text-align: center;\">FOTOSS\u00cdNTESE<\/h4>\n<p>&nbsp;<\/p>\n<ul>\n<li>Em estilo que marca a diferen\u00e7a, o colunista C\u00e9sar Romero promove a melhor feijoada do Brasil no dia 9 de junho, no Capit\u00f3lio. O evento 5 estrelas vai homenagear a Copa do Mundo e estarei l\u00e1.<\/li>\n<\/ul>\n<p>&nbsp;<\/p>\n<ul>\n<li>Agendado para 18 de mar\u00e7o, de 10h \u00e0s 19h, o evento Dance no ritmo da Batida. Em cena, Videogame, Karaok\u00ea, K-Pop, Lanchonete, Concurso de Apresenta\u00e7\u00e3o Cosplay e presen\u00e7a de Gabi Gabizoca. O endere\u00e7o \u00e9 na Av. Brasil, n\u00ba 6955.<\/li>\n<\/ul>\n<p>&nbsp;<\/p>\n<ul>\n<li>Mestre Cuca de m\u00e3o cheia, o \u2018chef\u2019 que \u00e9 Master Pablo Oazen vai liderar o \u201cVaranda do Chef\u201d, almo\u00e7o que vai acontecer dia 10 de mar\u00e7o, na Churrasqueira Alto dos Passos. Na mesa, costela angus com cuscuz marroquino a base de canjiquinha. Na sobremesa, trifle de banan, doce de leite e crumble de castanhas.<\/li>\n<\/ul>\n<p>&nbsp;<\/p>\n<ul>\n<li>Marcos Barra, ao lado de Terezinha, recebeu para suculenta feijoada para festejar idade nova. Foi no bel\u00edssimo espa\u00e7o \u2018gourmet\u2019 do Edif\u00edcio \u2018Saint Germain\u2019.<\/li>\n<\/ul>\n<p>&nbsp;<\/p>\n<ul>\n<li>Giovanna Castro com J\u00falio C\u00e9sar Martins e D\u00e9bora Salles e Marcelo Cond\u00e9 estavam na plateia do show de Amanda Martins, Uiara Leigo, Beatriz Nascimento e Geison Vargas, na Arteria com o tema \u201cIn Bossa\u201d.<\/li>\n<\/ul>\n<p>&nbsp;<\/p>\n<ul>\n<li>Com hist\u00f3rias de juiz-foranas que quebraram paradigmas, o Projeto Bem Comum lan\u00e7ou a campanha \u201cMulher \u00e9 poder\u201d.<\/li>\n<\/ul>\n<p>&nbsp;<\/p>\n<ul>\n<li>Din\u00e2mico e inteligente, Daniel Giotti de Paula foi aprovado com louvor no Doutorado da UERJ. Comemorando muito os pais C\u00e9lio Faria de Paula e M\u00e1rcia Giotti de Paula e a mulher Sarah Penido de Paula.<\/li>\n<\/ul>\n<p>&nbsp;<\/p>\n<ul>\n<li>A C\u00e2mara Municipal de Juiz de Fora aprovou esta semana projeto de lei que institui o Dia Municipal de Atletismo e a Semana Municipal de Atletismo Prof. Jorge Perrout, para o calend\u00e1rio oficial do munic\u00edpio.<\/li>\n<\/ul>\n<p>&nbsp;<\/p>\n<ul>\n<li>A Grenoble prepara del\u00edcias para a P\u00e1scoa, com bombons, chocolates, ovos e lembrancinhas que primam pela qualidade e sabor tradicional dos produtos em Juiz de Fora.<\/li>\n<\/ul>\n<p>&nbsp;<\/p>\n<ul>\n<li>O advogado Jos\u00e9 L\u00facio Fernandes recebe, nesta 4\u00aa feira, 7 \u00e0s 10h, para almo\u00e7o, na Enseada Parque Ecol\u00f3gico, comemorando 40 anos de profiss\u00e3o. Merci pelo convite.<\/li>\n<\/ul>\n<p>&nbsp;<\/p>\n<ul>\n<li>Aten\u00e7\u00e3o parceiros: \u00c0s vezes, tudo o que a gente precisa \u00e9 uma sess\u00e3o de an\u00e1lise e um acaraj\u00e9. Bom dia.<\/li>\n<\/ul>\n<p>&nbsp;<\/p>\n","protected":false},"excerpt":{"rendered":"<p>Mantra &nbsp; At\u00e9 parece que foi ensaiado. Como j\u00e1 tinha ocorrido nas exibi\u00e7\u00f5es no Rio e em Belo Horizonte, o cantor e compositor Chico Buarque, na estreia de seu show \u201cCaravanas\u201d, em S\u00e3o Paulo, ouviu, entre uma m\u00fasica e outra, a plateia gritar bem alto \u201cFora Temer\u201d. &nbsp; Censura Pr\u00e9via &nbsp; O Conselho de Comunica\u00e7\u00e3o [&hellip;]<\/p>\n","protected":false},"author":96,"featured_media":93282,"comment_status":"closed","ping_status":"closed","sticky":false,"template":"","format":"standard","meta":{"footnotes":""},"categories":[264],"tags":[],"class_list":["post-93293","post","type-post","status-publish","format-standard","has-post-thumbnail","hentry","category-eduardo-gomes"],"_links":{"self":[{"href":"https:\/\/diarioregionaldigital.com.br\/index.php?rest_route=\/wp\/v2\/posts\/93293","targetHints":{"allow":["GET"]}}],"collection":[{"href":"https:\/\/diarioregionaldigital.com.br\/index.php?rest_route=\/wp\/v2\/posts"}],"about":[{"href":"https:\/\/diarioregionaldigital.com.br\/index.php?rest_route=\/wp\/v2\/types\/post"}],"author":[{"embeddable":true,"href":"https:\/\/diarioregionaldigital.com.br\/index.php?rest_route=\/wp\/v2\/users\/96"}],"replies":[{"embeddable":true,"href":"https:\/\/diarioregionaldigital.com.br\/index.php?rest_route=%2Fwp%2Fv2%2Fcomments&post=93293"}],"version-history":[{"count":0,"href":"https:\/\/diarioregionaldigital.com.br\/index.php?rest_route=\/wp\/v2\/posts\/93293\/revisions"}],"wp:featuredmedia":[{"embeddable":true,"href":"https:\/\/diarioregionaldigital.com.br\/index.php?rest_route=\/wp\/v2\/media\/93282"}],"wp:attachment":[{"href":"https:\/\/diarioregionaldigital.com.br\/index.php?rest_route=%2Fwp%2Fv2%2Fmedia&parent=93293"}],"wp:term":[{"taxonomy":"category","embeddable":true,"href":"https:\/\/diarioregionaldigital.com.br\/index.php?rest_route=%2Fwp%2Fv2%2Fcategories&post=93293"},{"taxonomy":"post_tag","embeddable":true,"href":"https:\/\/diarioregionaldigital.com.br\/index.php?rest_route=%2Fwp%2Fv2%2Ftags&post=93293"}],"curies":[{"name":"wp","href":"https:\/\/api.w.org\/{rel}","templated":true}]}}