{"id":93281,"date":"2018-03-06T22:50:04","date_gmt":"2018-03-07T01:50:04","guid":{"rendered":"http:\/\/diarioregionaljf.com.br\/2018\/03\/06\/mais-de-80-armas-em-situacao-irregular-foram-apreendidas-pela-policia-militar-em-2017\/"},"modified":"2018-03-06T22:50:04","modified_gmt":"2018-03-07T01:50:04","slug":"mais-de-80-armas-em-situacao-irregular-foram-apreendidas-pela-policia-militar-em-2017","status":"publish","type":"post","link":"https:\/\/diarioregionaldigital.com.br\/?p=93281","title":{"rendered":"Mais de 80 armas em situa\u00e7\u00e3o irregular foram apreendidas pela Pol\u00edcia Militar em 2017"},"content":{"rendered":"<p>Um levantamento divulgado pela Pol\u00edcia Militar (PM) \u00e0 reportagem do Di\u00e1rio Regional aponta que 88 armas de fogo em situa\u00e7\u00e3o irregular foram retiradas de circula\u00e7\u00e3o em 2017. Do total, 59 armas eram de uso permitido, ou seja, aquelas que podem ser utilizadas pelos cidad\u00e3os em geral, para a sua defesa domiciliar, como revolveres calibre 38, mas foram apreendidas porque os donos as possu\u00edam de maneira irregular. Outras 29 eram de uso restrito, armas que s\u00f3 podem ser utilizadas pelas For\u00e7as Armadas, institui\u00e7\u00f5es de seguran\u00e7a, e por pessoas f\u00edsicas e jur\u00eddicas habilitadas. Os n\u00fameros s\u00e3o semelhantes ao registrado em 2016, em que a PM tamb\u00e9m recolheu 59 armas de fogo de uso permitido e 28 de uso restrito.<\/p>\n<p>Na avalia\u00e7\u00e3o do assessor de comunica\u00e7\u00e3o organizacional da 4\u00aa Regi\u00e3o da PM, major Jovanio Campos, o resultado est\u00e1 relacionado ao policiamento repressivo qualificado. \u201cIsso mostra a intensifica\u00e7\u00e3o do policiamento durante as abordagens. Nos locais suspeitos j\u00e1 conhecidos pela PM, conseguimos, durante as dilig\u00eancias, encontrar produtos ilegais. N\u00e3o quer dizer que os armamentos capturados est\u00e3o relacionados ao cometimento de algum delito. \u00c9 uma a\u00e7\u00e3o preventiva, em que a pol\u00edcia conseguiu evitar que alguma a\u00e7\u00e3o criminosa acontecesse por meio das armas\u201d, afirma.<\/p>\n<p>Campos alerta sobre a import\u00e2ncia de retirar essas armas de circula\u00e7\u00e3o. \u201cArmas ilegais na m\u00e3o de pessoas n\u00e3o habilitadas para manuse\u00e1-las colocam em risco n\u00e3o s\u00f3 a pessoa que est\u00e1 portando, mas as que est\u00e3o pr\u00f3ximas. Dentro das resid\u00eancias, a falta de cuidados espec\u00edficos exp\u00f5e crian\u00e7as e familiares. Nas ruas, colocam em risco a integridade da popula\u00e7\u00e3o. Mesmo que a pessoa acredite que a arma significa sua prote\u00e7\u00e3o, pode colocar em risco a pr\u00f3pria vida, j\u00e1 que existem fundamentos e princ\u00edpios para que a pessoa saiba utilizar uma arma com seguran\u00e7a\u201d, refor\u00e7a.<\/p>\n<p>Ele ressalta que a popula\u00e7\u00e3o tamb\u00e9m pode ajudar. \u201cCaso observe algu\u00e9m com arma, ligue imediatamente para o 190 ou no disque-den\u00fancia 181. Lembrando que quanto mais detalhadas forem as informa\u00e7\u00f5es, maiores s\u00e3o as chances de a pol\u00edcia identificar o autor. Al\u00e9m do mais, em ambos os telefones o anonimato ser\u00e1 garantido\u201d, diz.<\/p>\n<p>&nbsp;<\/p>\n","protected":false},"excerpt":{"rendered":"<p>Um levantamento divulgado pela Pol\u00edcia Militar (PM) \u00e0 reportagem do Di\u00e1rio Regional aponta que 88 armas de fogo em situa\u00e7\u00e3o irregular foram retiradas de circula\u00e7\u00e3o em 2017. Do total, 59 armas eram de uso permitido, ou seja, aquelas que podem ser utilizadas pelos cidad\u00e3os em geral, para a sua defesa domiciliar, como revolveres calibre 38, [&hellip;]<\/p>\n","protected":false},"author":96,"featured_media":93280,"comment_status":"closed","ping_status":"closed","sticky":false,"template":"","format":"standard","meta":{"footnotes":""},"categories":[253],"tags":[],"class_list":["post-93281","post","type-post","status-publish","format-standard","has-post-thumbnail","hentry","category-cidade"],"_links":{"self":[{"href":"https:\/\/diarioregionaldigital.com.br\/index.php?rest_route=\/wp\/v2\/posts\/93281","targetHints":{"allow":["GET"]}}],"collection":[{"href":"https:\/\/diarioregionaldigital.com.br\/index.php?rest_route=\/wp\/v2\/posts"}],"about":[{"href":"https:\/\/diarioregionaldigital.com.br\/index.php?rest_route=\/wp\/v2\/types\/post"}],"author":[{"embeddable":true,"href":"https:\/\/diarioregionaldigital.com.br\/index.php?rest_route=\/wp\/v2\/users\/96"}],"replies":[{"embeddable":true,"href":"https:\/\/diarioregionaldigital.com.br\/index.php?rest_route=%2Fwp%2Fv2%2Fcomments&post=93281"}],"version-history":[{"count":0,"href":"https:\/\/diarioregionaldigital.com.br\/index.php?rest_route=\/wp\/v2\/posts\/93281\/revisions"}],"wp:featuredmedia":[{"embeddable":true,"href":"https:\/\/diarioregionaldigital.com.br\/index.php?rest_route=\/wp\/v2\/media\/93280"}],"wp:attachment":[{"href":"https:\/\/diarioregionaldigital.com.br\/index.php?rest_route=%2Fwp%2Fv2%2Fmedia&parent=93281"}],"wp:term":[{"taxonomy":"category","embeddable":true,"href":"https:\/\/diarioregionaldigital.com.br\/index.php?rest_route=%2Fwp%2Fv2%2Fcategories&post=93281"},{"taxonomy":"post_tag","embeddable":true,"href":"https:\/\/diarioregionaldigital.com.br\/index.php?rest_route=%2Fwp%2Fv2%2Ftags&post=93281"}],"curies":[{"name":"wp","href":"https:\/\/api.w.org\/{rel}","templated":true}]}}