{"id":93277,"date":"2018-03-06T21:46:13","date_gmt":"2018-03-07T00:46:13","guid":{"rendered":"http:\/\/diarioregionaljf.com.br\/2018\/03\/06\/panathlon-club-visita-obras-do-complexo-esportivo-da-faefid\/"},"modified":"2018-03-06T21:46:13","modified_gmt":"2018-03-07T00:46:13","slug":"panathlon-club-visita-obras-do-complexo-esportivo-da-faefid","status":"publish","type":"post","link":"https:\/\/diarioregionaldigital.com.br\/?p=93277","title":{"rendered":"Panathlon Club visita obras do complexo esportivo da Faefid"},"content":{"rendered":"<p>Membros do Panathlon Club de Juiz de Fora visitaram as obras dos novos complexos esportivos da Faculdade de Educa\u00e7\u00e3o F\u00edsica e Desportos (Faefid) no campus da Universidade Federal de Juiz de Fora (UFJF), na tarde desta quarta-feira, 28. A visita foi guiada pelo diretor da Faculdade, Jeferson Macedo Vianna, que apresentou os pr\u00e9dios em fase de conclus\u00e3o.<\/p>\n<p>Vianna destacou que a visita tem grande import\u00e2ncia para parceria entre a Faefid e o Panathlon. \u201cTemos membros do Panathlon que s\u00e3o ex-alunos e ex-professores, pessoas que trabalham e mant\u00e9m os seus v\u00ednculos muito fortes com o apoio ao esporte local. A Faefid tamb\u00e9m tem sempre em mente a necessidade de proporcionar uma forma\u00e7\u00e3o continuada e entendemos o Panathlon Club tamb\u00e9m tem essa preocupa\u00e7\u00e3o.\u201d<\/p>\n<p>O diretor ainda destacou o papel da Faculdade na realiza\u00e7\u00e3o de cursos de forma\u00e7\u00e3o, aprimoramento e eventos esportivos. \u201cAlguns clubes da cidade j\u00e1 utilizam os espa\u00e7os da Faefid para treinamentos e competi\u00e7\u00f5es principais, al\u00e9m das nossas equipes que s\u00e3o desenvolvidas por meio dos projetos de extens\u00e3o. A estrutura da faculdade deve dar apoio a mais pr\u00e1ticas esportivas\u201d, explicou.<\/p>\n<p>Os dois novos pr\u00e9dios ir\u00e3o comportar gin\u00e1sios; salas de aula; sal\u00e3o de dan\u00e7a; laborat\u00f3rios de pesquisas e de reabilita\u00e7\u00e3o motora e card\u00edaca e sala de luta que ter\u00e3o 14 metros quadrados de tatames com medidas no padr\u00e3o ol\u00edmpico. O gin\u00e1sio poliesportivo (para v\u00f4lei, futsal, handebol e basquete), projetado segundo os padr\u00f5es internacionais, acomoda cerca de 1.880 pessoas nas arquibancadas, dentre cadeiras retr\u00e1teis e assentos especiais para pessoas com defici\u00eancia. A instala\u00e7\u00e3o conta com elevador para melhor acessibilidade dos usu\u00e1rios, al\u00e9m de vesti\u00e1rios para \u00e1rbitros e atletas.<\/p>\n<p>O presidente do Panathlon Club, Basileu Tavares, explicou sobre as a\u00e7\u00f5es realizadas pelo clube, uma institui\u00e7\u00e3o sem fins lucrativos, com representantes de diversas modalidades esportivas, salientando da ex-alunos da Faefid em sua composi\u00e7\u00e3o. \u201cV\u00e1rias pessoas que estudaram na Faculdade, inclusive da primeira turma, formam o Panathlon. Hoje viemos ver a amplia\u00e7\u00e3o desse complexo esportivo e a complementa\u00e7\u00e3o dessas obras\u201d, destacou.<\/p>\n<p><strong>Fonte: UFJF\/Faefid<\/strong><\/p>\n","protected":false},"excerpt":{"rendered":"<p>Membros do Panathlon Club de Juiz de Fora visitaram as obras dos novos complexos esportivos da Faculdade de Educa\u00e7\u00e3o F\u00edsica e Desportos (Faefid) no campus da Universidade Federal de Juiz de Fora (UFJF), na tarde desta quarta-feira, 28. A visita foi guiada pelo diretor da Faculdade, Jeferson Macedo Vianna, que apresentou os pr\u00e9dios em fase [&hellip;]<\/p>\n","protected":false},"author":96,"featured_media":93276,"comment_status":"closed","ping_status":"closed","sticky":false,"template":"","format":"standard","meta":{"footnotes":""},"categories":[257],"tags":[],"class_list":["post-93277","post","type-post","status-publish","format-standard","has-post-thumbnail","hentry","category-esporte"],"_links":{"self":[{"href":"https:\/\/diarioregionaldigital.com.br\/index.php?rest_route=\/wp\/v2\/posts\/93277","targetHints":{"allow":["GET"]}}],"collection":[{"href":"https:\/\/diarioregionaldigital.com.br\/index.php?rest_route=\/wp\/v2\/posts"}],"about":[{"href":"https:\/\/diarioregionaldigital.com.br\/index.php?rest_route=\/wp\/v2\/types\/post"}],"author":[{"embeddable":true,"href":"https:\/\/diarioregionaldigital.com.br\/index.php?rest_route=\/wp\/v2\/users\/96"}],"replies":[{"embeddable":true,"href":"https:\/\/diarioregionaldigital.com.br\/index.php?rest_route=%2Fwp%2Fv2%2Fcomments&post=93277"}],"version-history":[{"count":0,"href":"https:\/\/diarioregionaldigital.com.br\/index.php?rest_route=\/wp\/v2\/posts\/93277\/revisions"}],"wp:featuredmedia":[{"embeddable":true,"href":"https:\/\/diarioregionaldigital.com.br\/index.php?rest_route=\/wp\/v2\/media\/93276"}],"wp:attachment":[{"href":"https:\/\/diarioregionaldigital.com.br\/index.php?rest_route=%2Fwp%2Fv2%2Fmedia&parent=93277"}],"wp:term":[{"taxonomy":"category","embeddable":true,"href":"https:\/\/diarioregionaldigital.com.br\/index.php?rest_route=%2Fwp%2Fv2%2Fcategories&post=93277"},{"taxonomy":"post_tag","embeddable":true,"href":"https:\/\/diarioregionaldigital.com.br\/index.php?rest_route=%2Fwp%2Fv2%2Ftags&post=93277"}],"curies":[{"name":"wp","href":"https:\/\/api.w.org\/{rel}","templated":true}]}}