{"id":93275,"date":"2018-03-06T21:41:32","date_gmt":"2018-03-07T00:41:32","guid":{"rendered":"http:\/\/diarioregionaljf.com.br\/2018\/03\/06\/tupi-embalado-encara-o-tombense-nesta-quarta-feira-pela-10-rodada-do-mineiro\/"},"modified":"2018-03-06T21:41:32","modified_gmt":"2018-03-07T00:41:32","slug":"tupi-embalado-encara-o-tombense-nesta-quarta-feira-pela-10-rodada-do-mineiro","status":"publish","type":"post","link":"https:\/\/diarioregionaldigital.com.br\/?p=93275","title":{"rendered":"Tupi embalado encara o Tombense nesta quarta-feira pela  10 \u00aa Rodada do Mineiro"},"content":{"rendered":"<p>Nesta quarta- feira, 7, o Tupi visita o Tombense, \u00e0s 20h, no Almeid\u00e3o, em Tombos, pela pen\u00faltima rodada do Campeonato Mineiro.<\/p>\n<p>Tupi vem embalando e defendendo a quinta partida invicta, desde a entrada do agora t\u00e9cnico interino Ricardo Le\u00e3o o Galo Carij\u00f3 n\u00e3o sofre derrota.<\/p>\n<p>Vitinho sofreu uma contus\u00e3o no jogo contra o Boa Esporte saiu carregado, mas no in\u00edcio dessa semana a diretoria do Tupi divulgou informa\u00e7\u00f5es sobre o estado do jogador.<\/p>\n<p>\u201cResultado do exame de Vitinho foi melhor do que esperado inicialmente. Pequena les\u00e3o pouco significativa, na parte posterior da coxa esquerda. Como ele est\u00e1 em tratamento desde o termino da partida, j\u00e1 houve evolu\u00e7\u00e3o e h\u00e1 expectativa de que seja relacionado para o jogo desta quarta-feira. Vamos aguardar at\u00e9 o momento antes da partida\u201d, revela o dirigente Nicanor Pires.<\/p>\n<p>O Carij\u00f3 deve entrar em campo com: Vilar; Afonso, Sidimar, Mateus e Patrick Brey; Marcel e L\u00e9o Salino; Renato Kayser, Tch\u00f4, e Vitinho, Reis. T\u00e9cnico: Ricardo Le\u00e3o<\/p>\n<p>\u201cPrimeiro objetivo foi alcan\u00e7ado. Com 13 pontos, estamos garantidos no m\u00f3dulo 1 ano que vem. Agora, um outrop advers\u00e1rio direto que \u00e9 o Tombense. Advers\u00e1rio muito qualificado e muito forte. Equipe muito bem treinada. Vamos chegar l\u00e1 e fazer nosso melhor e buscar um bom resultado\u201d, comentou o t\u00e9cnico Ricardo Le\u00e3o.<\/p>\n<p>Dentro da zona de classifica\u00e7\u00e3o e a quatro pontos do segundo colocado, o Am\u00e9rica-MG, o Carij\u00f3 est\u00e1 apenas tr\u00eas pontos acima do nono, Villa Nova-MG. Por isso, a vit\u00f3ria \u00e9 fundamental para encaminhar a vaga nas quartas.<\/p>\n","protected":false},"excerpt":{"rendered":"<p>Nesta quarta- feira, 7, o Tupi visita o Tombense, \u00e0s 20h, no Almeid\u00e3o, em Tombos, pela pen\u00faltima rodada do Campeonato Mineiro. Tupi vem embalando e defendendo a quinta partida invicta, desde a entrada do agora t\u00e9cnico interino Ricardo Le\u00e3o o Galo Carij\u00f3 n\u00e3o sofre derrota. Vitinho sofreu uma contus\u00e3o no jogo contra o Boa Esporte [&hellip;]<\/p>\n","protected":false},"author":96,"featured_media":93274,"comment_status":"closed","ping_status":"closed","sticky":false,"template":"","format":"standard","meta":{"footnotes":""},"categories":[257],"tags":[],"class_list":["post-93275","post","type-post","status-publish","format-standard","has-post-thumbnail","hentry","category-esporte"],"_links":{"self":[{"href":"https:\/\/diarioregionaldigital.com.br\/index.php?rest_route=\/wp\/v2\/posts\/93275","targetHints":{"allow":["GET"]}}],"collection":[{"href":"https:\/\/diarioregionaldigital.com.br\/index.php?rest_route=\/wp\/v2\/posts"}],"about":[{"href":"https:\/\/diarioregionaldigital.com.br\/index.php?rest_route=\/wp\/v2\/types\/post"}],"author":[{"embeddable":true,"href":"https:\/\/diarioregionaldigital.com.br\/index.php?rest_route=\/wp\/v2\/users\/96"}],"replies":[{"embeddable":true,"href":"https:\/\/diarioregionaldigital.com.br\/index.php?rest_route=%2Fwp%2Fv2%2Fcomments&post=93275"}],"version-history":[{"count":0,"href":"https:\/\/diarioregionaldigital.com.br\/index.php?rest_route=\/wp\/v2\/posts\/93275\/revisions"}],"wp:featuredmedia":[{"embeddable":true,"href":"https:\/\/diarioregionaldigital.com.br\/index.php?rest_route=\/wp\/v2\/media\/93274"}],"wp:attachment":[{"href":"https:\/\/diarioregionaldigital.com.br\/index.php?rest_route=%2Fwp%2Fv2%2Fmedia&parent=93275"}],"wp:term":[{"taxonomy":"category","embeddable":true,"href":"https:\/\/diarioregionaldigital.com.br\/index.php?rest_route=%2Fwp%2Fv2%2Fcategories&post=93275"},{"taxonomy":"post_tag","embeddable":true,"href":"https:\/\/diarioregionaldigital.com.br\/index.php?rest_route=%2Fwp%2Fv2%2Ftags&post=93275"}],"curies":[{"name":"wp","href":"https:\/\/api.w.org\/{rel}","templated":true}]}}