{"id":93273,"date":"2018-03-06T21:38:44","date_gmt":"2018-03-07T00:38:44","guid":{"rendered":"http:\/\/diarioregionaljf.com.br\/2018\/03\/06\/prefeitura-inaugura-obras-no-campo-de-futebol-do-bairro-sao-damiao\/"},"modified":"2018-03-06T21:38:44","modified_gmt":"2018-03-07T00:38:44","slug":"prefeitura-inaugura-obras-no-campo-de-futebol-do-bairro-sao-damiao","status":"publish","type":"post","link":"https:\/\/diarioregionaldigital.com.br\/?p=93273","title":{"rendered":"Prefeitura inaugura obras no campo de futebol do Bairro S\u00e3o Dami\u00e3o"},"content":{"rendered":"<p>Na manh\u00e3 de domingo, 4, a Prefeitura de Juiz de Fora (PJF), atrav\u00e9s da Secretaria de Esporte e Lazer (SEL), inaugurou obras de melhorias no campo de v\u00e1rzea do Bairro S\u00e3o Dami\u00e3o, na zona norte da cidade. Antiga demanda da comunidade.<\/p>\n<p>O campo recebeu novo alambrado, teve regularizada a mina d\u00b4\u00e1gua, para evitar infiltra\u00e7\u00e3o, e instalado, ao lado, o ponto de \u00f4nibus, al\u00e9m da reconstru\u00e7\u00e3o do vesti\u00e1rio. A obra custou em torno de R$ 250 mil, parceria entre PJF, vereador Cido Reis, recursos do Minist\u00e9rio do Esporte, atrav\u00e9s de emenda parlamentar da deputada federal Margarida Salom\u00e3o, e iniciativa privada, com participa\u00e7\u00e3o do Grupo Rezato.<\/p>\n<p>O evento contou com as presen\u00e7as do prefeito Bruno Siqueira, da deputada Margarida Salom\u00e3o, secret\u00e1rios municipais, vereadores, lideran\u00e7as comunit\u00e1rias e moradores do bairro. Em seu discurso, Bruno Siqueira enalteceu a uni\u00e3o entre os setores da sociedade, em tempos dif\u00edceis, para a realiza\u00e7\u00e3o de obras fundamentais, como as realizadas no campo, al\u00e9m de todo o volume de realiza\u00e7\u00f5es na cidade, nos \u00faltimos cinco anos.<\/p>\n<p> Desde 2013, a SEL promoveu v\u00e1rias interven\u00e7\u00f5es em campos de v\u00e1rzea da cidade, com nova ilumina\u00e7\u00e3o, reforma e inaugura\u00e7\u00e3o de \u00e1reas novas, incentivando a pr\u00e1tica do futebol e servindo como arenas para as competi\u00e7\u00f5es organizadas pela secretaria, como, por exemplo, as copas Juiz de Fora de Futebol Amador (antiga Copa da Comiss\u00e3o de Administra\u00e7\u00e3o de Espa\u00e7os Municipais &#8211; Caem) e Prefeitura Bahamas de Futebol Amador, a maior competi\u00e7\u00e3o nacional da categoria.<\/p>\n<p>Para o l\u00edder comunit\u00e1rio Jardeson do Carmo, &#8220;essa obra (campo de Bairro S\u00e3o Dami\u00e3o) aconteceu na hora certa, pois a gente foi atr\u00e1s dos nossos representantes e fomos bem recebidos por todos. E a partir de agora, a comunidade poder\u00e1 fazer v\u00e1rias atividades aqui, melhorando a qualidade de vida, que \u00e9 o mais importante,\u201d explicou.<\/p>\n<p> No Bairro S\u00e3o Dami\u00e3o, a Caem j\u00e1 est\u00e1 sendo criada pela SEL, junto aos representantes dos times de futebol da regi\u00e3o, para realizar o processo de elei\u00e7\u00e3o da comiss\u00e3o permanente, que vai gerir o campo, que em breve entrar\u00e1 no cronograma de atividades da secretaria, para competi\u00e7\u00f5es promovidas pela pasta.<\/p>\n<p> <\/p>\n<p><strong>Fonte: Assessoria\/SEL<\/strong><\/p>\n","protected":false},"excerpt":{"rendered":"<p>Na manh\u00e3 de domingo, 4, a Prefeitura de Juiz de Fora (PJF), atrav\u00e9s da Secretaria de Esporte e Lazer (SEL), inaugurou obras de melhorias no campo de v\u00e1rzea do Bairro S\u00e3o Dami\u00e3o, na zona norte da cidade. Antiga demanda da comunidade. O campo recebeu novo alambrado, teve regularizada a mina d\u00b4\u00e1gua, para evitar infiltra\u00e7\u00e3o, e [&hellip;]<\/p>\n","protected":false},"author":96,"featured_media":93272,"comment_status":"closed","ping_status":"closed","sticky":false,"template":"","format":"standard","meta":{"footnotes":""},"categories":[257],"tags":[],"class_list":["post-93273","post","type-post","status-publish","format-standard","has-post-thumbnail","hentry","category-esporte"],"_links":{"self":[{"href":"https:\/\/diarioregionaldigital.com.br\/index.php?rest_route=\/wp\/v2\/posts\/93273","targetHints":{"allow":["GET"]}}],"collection":[{"href":"https:\/\/diarioregionaldigital.com.br\/index.php?rest_route=\/wp\/v2\/posts"}],"about":[{"href":"https:\/\/diarioregionaldigital.com.br\/index.php?rest_route=\/wp\/v2\/types\/post"}],"author":[{"embeddable":true,"href":"https:\/\/diarioregionaldigital.com.br\/index.php?rest_route=\/wp\/v2\/users\/96"}],"replies":[{"embeddable":true,"href":"https:\/\/diarioregionaldigital.com.br\/index.php?rest_route=%2Fwp%2Fv2%2Fcomments&post=93273"}],"version-history":[{"count":0,"href":"https:\/\/diarioregionaldigital.com.br\/index.php?rest_route=\/wp\/v2\/posts\/93273\/revisions"}],"wp:featuredmedia":[{"embeddable":true,"href":"https:\/\/diarioregionaldigital.com.br\/index.php?rest_route=\/wp\/v2\/media\/93272"}],"wp:attachment":[{"href":"https:\/\/diarioregionaldigital.com.br\/index.php?rest_route=%2Fwp%2Fv2%2Fmedia&parent=93273"}],"wp:term":[{"taxonomy":"category","embeddable":true,"href":"https:\/\/diarioregionaldigital.com.br\/index.php?rest_route=%2Fwp%2Fv2%2Fcategories&post=93273"},{"taxonomy":"post_tag","embeddable":true,"href":"https:\/\/diarioregionaldigital.com.br\/index.php?rest_route=%2Fwp%2Fv2%2Ftags&post=93273"}],"curies":[{"name":"wp","href":"https:\/\/api.w.org\/{rel}","templated":true}]}}