{"id":93271,"date":"2018-03-06T21:30:18","date_gmt":"2018-03-07T00:30:18","guid":{"rendered":"http:\/\/diarioregionaljf.com.br\/2018\/03\/06\/cerca-de-100kg-de-maconha-sao-apreendidos-em-ressaquinha-apos-denuncia-anonima\/"},"modified":"2018-03-06T21:30:18","modified_gmt":"2018-03-07T00:30:18","slug":"cerca-de-100kg-de-maconha-sao-apreendidos-em-ressaquinha-apos-denuncia-anonima","status":"publish","type":"post","link":"https:\/\/diarioregionaldigital.com.br\/?p=93271","title":{"rendered":"Cerca de 100Kg de maconha s\u00e3o apreendidos em Ressaquinha ap\u00f3s den\u00fancia an\u00f4nima"},"content":{"rendered":"<p>Em a\u00e7\u00e3o conjunta, ap\u00f3s recebimento de den\u00fancia an\u00f4nima, a Pol\u00edcia Rodovi\u00e1ria Federal (PRF) e a Pol\u00edcia Militar (PM) apreenderam cerca de 100 Kg de maconha em Ressaquinha (a cerca de 112Km de JF), na madrugada desta ter\u00e7a-feira, 6. Quatro pessoas foram presas.<\/p>\n<p>De acordo com informa\u00e7\u00f5es da PRF, o material apreendido estava em um ve\u00edculo com placas de Bras\u00edlia (DF), abordado pela PM na zona rural de Ressaquinha. No interior do carro foram encontrados aproximadamente 100 tabletes de maconha.<\/p>\n<p>Um outro ve\u00edculo, com placas de Alfenas (MG), foi abordado pela PRF no Km 670 da BR-040, em Caranda\u00ed (a cerca de 127Km de Juiz de Fora). Nenhum material il\u00edcito foi encontrado no autom\u00f3vel, mas constatou-se que os ocupantes do mesmo realizavam servi\u00e7o de batedor para o carro onde era transportada a droga.<\/p>\n<p>Os ocupantes dos dois ve\u00edculos, bem como os carros e o material apreendidos, foram encaminhados para a Delegacia da Pol\u00edcia Civil (PC) de Barbacena.<\/p>\n<p>&nbsp;<\/p>\n","protected":false},"excerpt":{"rendered":"<p>Em a\u00e7\u00e3o conjunta, ap\u00f3s recebimento de den\u00fancia an\u00f4nima, a Pol\u00edcia Rodovi\u00e1ria Federal (PRF) e a Pol\u00edcia Militar (PM) apreenderam cerca de 100 Kg de maconha em Ressaquinha (a cerca de 112Km de JF), na madrugada desta ter\u00e7a-feira, 6. Quatro pessoas foram presas. De acordo com informa\u00e7\u00f5es da PRF, o material apreendido estava em um ve\u00edculo [&hellip;]<\/p>\n","protected":false},"author":96,"featured_media":93270,"comment_status":"closed","ping_status":"closed","sticky":false,"template":"","format":"standard","meta":{"footnotes":""},"categories":[252],"tags":[],"class_list":["post-93271","post","type-post","status-publish","format-standard","has-post-thumbnail","hentry","category-regiao"],"_links":{"self":[{"href":"https:\/\/diarioregionaldigital.com.br\/index.php?rest_route=\/wp\/v2\/posts\/93271","targetHints":{"allow":["GET"]}}],"collection":[{"href":"https:\/\/diarioregionaldigital.com.br\/index.php?rest_route=\/wp\/v2\/posts"}],"about":[{"href":"https:\/\/diarioregionaldigital.com.br\/index.php?rest_route=\/wp\/v2\/types\/post"}],"author":[{"embeddable":true,"href":"https:\/\/diarioregionaldigital.com.br\/index.php?rest_route=\/wp\/v2\/users\/96"}],"replies":[{"embeddable":true,"href":"https:\/\/diarioregionaldigital.com.br\/index.php?rest_route=%2Fwp%2Fv2%2Fcomments&post=93271"}],"version-history":[{"count":0,"href":"https:\/\/diarioregionaldigital.com.br\/index.php?rest_route=\/wp\/v2\/posts\/93271\/revisions"}],"wp:featuredmedia":[{"embeddable":true,"href":"https:\/\/diarioregionaldigital.com.br\/index.php?rest_route=\/wp\/v2\/media\/93270"}],"wp:attachment":[{"href":"https:\/\/diarioregionaldigital.com.br\/index.php?rest_route=%2Fwp%2Fv2%2Fmedia&parent=93271"}],"wp:term":[{"taxonomy":"category","embeddable":true,"href":"https:\/\/diarioregionaldigital.com.br\/index.php?rest_route=%2Fwp%2Fv2%2Fcategories&post=93271"},{"taxonomy":"post_tag","embeddable":true,"href":"https:\/\/diarioregionaldigital.com.br\/index.php?rest_route=%2Fwp%2Fv2%2Ftags&post=93271"}],"curies":[{"name":"wp","href":"https:\/\/api.w.org\/{rel}","templated":true}]}}