{"id":93269,"date":"2018-03-06T21:30:18","date_gmt":"2018-03-07T00:30:18","guid":{"rendered":"http:\/\/diarioregionaljf.com.br\/2018\/03\/06\/conselho-central-diocesano-faz-apelo-por-doacoes-de-barras-de-chocolate-para-campanha-de-pascoa\/"},"modified":"2018-03-06T21:30:18","modified_gmt":"2018-03-07T00:30:18","slug":"conselho-central-diocesano-faz-apelo-por-doacoes-de-barras-de-chocolate-para-campanha-de-pascoa","status":"publish","type":"post","link":"https:\/\/diarioregionaldigital.com.br\/?p=93269","title":{"rendered":"Conselho Central Diocesano faz apelo por doa\u00e7\u00f5es de barras de chocolate para campanha de P\u00e1scoa"},"content":{"rendered":"<p>A pouco de mais de uma semana para o fim, a campanha \u201cP\u00e1scoa Solid\u00e1ria\u201d do Conselho Central Diocesano da Sociedade de S\u00e3o Vicente de Paulo (SSVP) em Juiz de Fora, ainda est\u00e1 longe de atingir a meta. Segundo os organizadores, apenas 60% do estipulado para confeccionar 500 ovos de chocolate e distribuir para fam\u00edlias assistidas pela entidade foi cumprido.<\/p>\n<p>\u201cA nossa expectativa, inicialmente, era arrecadar cerca de 100 barras de chocolate de 1kg para produzir os ovos. Por\u00e9m, ainda estamos com a meta abaixo do esperado, e como medo de n\u00e3o conseguir atingi-la\u201d, disse Ane Elyse Fernandes, coordenadora do Departamento de Comunica\u00e7\u00e3o do Conselho.<\/p>\n<p>O objetivo da iniciativa \u00e9 arrecadar barras de chocolate de 1 kg, de qualquer marca, para produzir os ovos, que ser\u00e3o entregues \u00e0s fam\u00edlias atendidas pela SSVP. \u201cS\u00e3o pessoas que vivem em situa\u00e7\u00e3o de vulnerabilidade socioecon\u00f4mica, oriundas de diversos bairros da cidade. A SSVP tenta ajudar na medida do poss\u00edvel, auxiliando com cestas b\u00e1sicas, na procura do emprego e na educa\u00e7\u00e3o das crian\u00e7as\u201d, afirma Ane Elyse. \u201cA P\u00e1scoa \u00e9 um per\u00edodo importante para distribuir esperan\u00e7a e ajudar o pr\u00f3ximo\u201d, acrescenta.<\/p>\n<p>As doa\u00e7\u00f5es podem ser entregues das 7h \u00e0s 19h, na sede do Conselho, localizada na Rua S\u00e3o Sebasti\u00e3o, n\u00ba 412, Centro, at\u00e9 o pr\u00f3ximo dia 16 de mar\u00e7o. Quem quiser acompanhar a campanha e outras a\u00e7\u00f5es do Conselho Central Diocesano, pode acessar a p\u00e1gina da institui\u00e7\u00e3o no Facebook: <a href=\"https:\/\/www.facebook.com\/CCDiocesano\">https:\/\/www.facebook.com\/CCDiocesano<\/a>.<\/p>\n<h4>&nbsp;<\/h4>\n<h4>A SOCIEDADE<\/h4>\n<p>A Sociedade de S\u00e3o Vicente de Paulo \u00e9 uma organiza\u00e7\u00e3o cat\u00f3lica de \u00e2mbito internacional, fundada em Paris, dia 23 de abril de 1833, por Ant\u00f4nio Frederico Ozanam e seus companheiros. Os seus membros s\u00e3o chamados confrades e consocias, ou simplesmente vicentinos. Semanalmente, os membros se re\u00fanem nas chamadas Confer\u00eancias. Nessas reuni\u00f5es, debatem e prop\u00f5em solu\u00e7\u00f5es para os problemas das fam\u00edlias assistidas.<\/p>\n","protected":false},"excerpt":{"rendered":"<p>A pouco de mais de uma semana para o fim, a campanha \u201cP\u00e1scoa Solid\u00e1ria\u201d do Conselho Central Diocesano da Sociedade de S\u00e3o Vicente de Paulo (SSVP) em Juiz de Fora, ainda est\u00e1 longe de atingir a meta. Segundo os organizadores, apenas 60% do estipulado para confeccionar 500 ovos de chocolate e distribuir para fam\u00edlias assistidas [&hellip;]<\/p>\n","protected":false},"author":96,"featured_media":0,"comment_status":"closed","ping_status":"closed","sticky":false,"template":"","format":"standard","meta":{"footnotes":""},"categories":[253],"tags":[],"class_list":["post-93269","post","type-post","status-publish","format-standard","hentry","category-cidade"],"_links":{"self":[{"href":"https:\/\/diarioregionaldigital.com.br\/index.php?rest_route=\/wp\/v2\/posts\/93269","targetHints":{"allow":["GET"]}}],"collection":[{"href":"https:\/\/diarioregionaldigital.com.br\/index.php?rest_route=\/wp\/v2\/posts"}],"about":[{"href":"https:\/\/diarioregionaldigital.com.br\/index.php?rest_route=\/wp\/v2\/types\/post"}],"author":[{"embeddable":true,"href":"https:\/\/diarioregionaldigital.com.br\/index.php?rest_route=\/wp\/v2\/users\/96"}],"replies":[{"embeddable":true,"href":"https:\/\/diarioregionaldigital.com.br\/index.php?rest_route=%2Fwp%2Fv2%2Fcomments&post=93269"}],"version-history":[{"count":0,"href":"https:\/\/diarioregionaldigital.com.br\/index.php?rest_route=\/wp\/v2\/posts\/93269\/revisions"}],"wp:attachment":[{"href":"https:\/\/diarioregionaldigital.com.br\/index.php?rest_route=%2Fwp%2Fv2%2Fmedia&parent=93269"}],"wp:term":[{"taxonomy":"category","embeddable":true,"href":"https:\/\/diarioregionaldigital.com.br\/index.php?rest_route=%2Fwp%2Fv2%2Fcategories&post=93269"},{"taxonomy":"post_tag","embeddable":true,"href":"https:\/\/diarioregionaldigital.com.br\/index.php?rest_route=%2Fwp%2Fv2%2Ftags&post=93269"}],"curies":[{"name":"wp","href":"https:\/\/api.w.org\/{rel}","templated":true}]}}