{"id":93268,"date":"2018-03-06T21:00:46","date_gmt":"2018-03-07T00:00:46","guid":{"rendered":"http:\/\/diarioregionaljf.com.br\/2018\/03\/06\/aneel-propoe-reajuste-medio-de-25-87-na-tarifa-da-cemig\/"},"modified":"2018-03-06T21:00:46","modified_gmt":"2018-03-07T00:00:46","slug":"aneel-propoe-reajuste-medio-de-25-87-na-tarifa-da-cemig","status":"publish","type":"post","link":"https:\/\/diarioregionaldigital.com.br\/?p=93268","title":{"rendered":"Aneel prop\u00f5e reajuste m\u00e9dio de 25,87% na tarifa da Cemig"},"content":{"rendered":"<p>A Ag\u00eancia Nacional de Energia El\u00e9trica (Annel) aprovou nesta ter\u00e7a-feira, 6, a proposta de aumento m\u00e9dio de 25,87% na tarifa de luz da Cemig. A concession\u00e1ria atende a 8,3 milh\u00f5es de unidades consumidoras localizadas em 774 munic\u00edpios de Minas Gerais.<\/p>\n<p>De acordo com os \u00edndices definidos pela ag\u00eancia reguladora, os valores representam impacto m\u00e9dio de 34,41% para os consumidores atendidos em alta tens\u00e3o e de 22,73% para os clientes do segmento de baixa tens\u00e3o.<\/p>\n<p>A proposta consta da quarta revis\u00e3o tarif\u00e1ria da empresa, realizado de quatro em quatro anos com o objetivo de manter o equil\u00edbrio econ\u00f4mico-financeiro dos contratos de concess\u00e3o.<\/p>\n<p>Os valores ser\u00e3o submetidos a consulta p\u00fablica no per\u00edodo de 7 de mar\u00e7o a 21 de abril. De acordo com a Aneel, haver\u00e1 uma sess\u00e3o presencial para discutir o tema em Belo Horizonte no dia 28 de mar\u00e7o. Os \u00edndices finais ser\u00e3o aplicados em 28 de maio.<\/p>\n<p>De acordo com a Aneel, a diferen\u00e7a de percentual entre os dois grupos \u00e9 devido ao aumento de custo relacionados \u00e0 Conta de Desenvolvimento Energ\u00e9tico (CDE), que contribuiu para um aumento do efeito m\u00e9dio de 2,53% na tarifa da Cemig.<\/p>\n<p>&nbsp;<\/p>\n<p>Fonte: Ag\u00eancia Brasil<\/p>\n","protected":false},"excerpt":{"rendered":"<p>A Ag\u00eancia Nacional de Energia El\u00e9trica (Annel) aprovou nesta ter\u00e7a-feira, 6, a proposta de aumento m\u00e9dio de 25,87% na tarifa de luz da Cemig. A concession\u00e1ria atende a 8,3 milh\u00f5es de unidades consumidoras localizadas em 774 munic\u00edpios de Minas Gerais. De acordo com os \u00edndices definidos pela ag\u00eancia reguladora, os valores representam impacto m\u00e9dio de [&hellip;]<\/p>\n","protected":false},"author":96,"featured_media":93267,"comment_status":"closed","ping_status":"closed","sticky":false,"template":"","format":"standard","meta":{"footnotes":""},"categories":[261],"tags":[],"class_list":["post-93268","post","type-post","status-publish","format-standard","has-post-thumbnail","hentry","category-economia"],"_links":{"self":[{"href":"https:\/\/diarioregionaldigital.com.br\/index.php?rest_route=\/wp\/v2\/posts\/93268","targetHints":{"allow":["GET"]}}],"collection":[{"href":"https:\/\/diarioregionaldigital.com.br\/index.php?rest_route=\/wp\/v2\/posts"}],"about":[{"href":"https:\/\/diarioregionaldigital.com.br\/index.php?rest_route=\/wp\/v2\/types\/post"}],"author":[{"embeddable":true,"href":"https:\/\/diarioregionaldigital.com.br\/index.php?rest_route=\/wp\/v2\/users\/96"}],"replies":[{"embeddable":true,"href":"https:\/\/diarioregionaldigital.com.br\/index.php?rest_route=%2Fwp%2Fv2%2Fcomments&post=93268"}],"version-history":[{"count":0,"href":"https:\/\/diarioregionaldigital.com.br\/index.php?rest_route=\/wp\/v2\/posts\/93268\/revisions"}],"wp:featuredmedia":[{"embeddable":true,"href":"https:\/\/diarioregionaldigital.com.br\/index.php?rest_route=\/wp\/v2\/media\/93267"}],"wp:attachment":[{"href":"https:\/\/diarioregionaldigital.com.br\/index.php?rest_route=%2Fwp%2Fv2%2Fmedia&parent=93268"}],"wp:term":[{"taxonomy":"category","embeddable":true,"href":"https:\/\/diarioregionaldigital.com.br\/index.php?rest_route=%2Fwp%2Fv2%2Fcategories&post=93268"},{"taxonomy":"post_tag","embeddable":true,"href":"https:\/\/diarioregionaldigital.com.br\/index.php?rest_route=%2Fwp%2Fv2%2Ftags&post=93268"}],"curies":[{"name":"wp","href":"https:\/\/api.w.org\/{rel}","templated":true}]}}