{"id":93266,"date":"2018-03-06T20:45:42","date_gmt":"2018-03-06T23:45:42","guid":{"rendered":"http:\/\/diarioregionaljf.com.br\/2018\/03\/06\/supremo-torna-quatro-politicos-do-pp-reus-na-lava-jato\/"},"modified":"2018-03-06T20:45:42","modified_gmt":"2018-03-06T23:45:42","slug":"supremo-torna-quatro-politicos-do-pp-reus-na-lava-jato","status":"publish","type":"post","link":"https:\/\/diarioregionaldigital.com.br\/?p=93266","title":{"rendered":"Supremo torna quatro pol\u00edticos do PP r\u00e9us na Lava Jato"},"content":{"rendered":"<p>A Segunda Turma do Supremo Tribunal Federal (STF) decidiu nessa ter\u00e7a-feira, 6, abrir a\u00e7\u00e3o penal contra quatro pol\u00edticos do PP que foram investigados na Opera\u00e7\u00e3o Lava Jato e denunciados pela Procuradoria-Geral da Rep\u00fablica (PGR) em 2016 pelo suposto recebimento de vantagens indevidas no esquema de corrup\u00e7\u00e3o da Petrobras. De acordo com a acusa\u00e7\u00e3o, os valores eram operacionalizados pelo ex-diretor de Abastecimento da Petrobras Paulo Roberto Costa e pelo doleiro Alberto Youssef.<\/p>\n<p>Com a den\u00fancia, os deputados Luiz Fernando Faria (MG), Jos\u00e9 Ot\u00e1vio Germano (RS), o ex-deputado Jo\u00e3o Pizzolatti (SC), al\u00e9m do conselheiro do Tribunal de Contas dos munic\u00edpios da Bahia e ex-deputado, Mario Negromonte, se tornaram r\u00e9us pelos crimes de corrup\u00e7\u00e3o e lavagem de dinheiro. No julgamento, por maioria, os ministros tamb\u00e9m rejeitaram a den\u00fancia em rela\u00e7\u00e3o aos deputados do PP M\u00e1rio Negromonte J\u00fanior, Roberto Britto e Arthur Lira por falta de ind\u00edcios.<\/p>\n<p>Durante o julgamento que come\u00e7ou em agosto do ano passado e foi interrompido por pedidos de vista, os advogados de defesa dos parlamentares negaram recebimento de propina e afirmaram que a procuradoria n\u00e3o apresentou provas contra os pol\u00edticos.<\/p>\n<p>Fonte: Ag\u00eancia Brasil<\/p>\n","protected":false},"excerpt":{"rendered":"<p>A Segunda Turma do Supremo Tribunal Federal (STF) decidiu nessa ter\u00e7a-feira, 6, abrir a\u00e7\u00e3o penal contra quatro pol\u00edticos do PP que foram investigados na Opera\u00e7\u00e3o Lava Jato e denunciados pela Procuradoria-Geral da Rep\u00fablica (PGR) em 2016 pelo suposto recebimento de vantagens indevidas no esquema de corrup\u00e7\u00e3o da Petrobras. De acordo com a acusa\u00e7\u00e3o, os valores [&hellip;]<\/p>\n","protected":false},"author":96,"featured_media":93265,"comment_status":"closed","ping_status":"closed","sticky":false,"template":"","format":"standard","meta":{"footnotes":""},"categories":[254],"tags":[],"class_list":["post-93266","post","type-post","status-publish","format-standard","has-post-thumbnail","hentry","category-politica"],"_links":{"self":[{"href":"https:\/\/diarioregionaldigital.com.br\/index.php?rest_route=\/wp\/v2\/posts\/93266","targetHints":{"allow":["GET"]}}],"collection":[{"href":"https:\/\/diarioregionaldigital.com.br\/index.php?rest_route=\/wp\/v2\/posts"}],"about":[{"href":"https:\/\/diarioregionaldigital.com.br\/index.php?rest_route=\/wp\/v2\/types\/post"}],"author":[{"embeddable":true,"href":"https:\/\/diarioregionaldigital.com.br\/index.php?rest_route=\/wp\/v2\/users\/96"}],"replies":[{"embeddable":true,"href":"https:\/\/diarioregionaldigital.com.br\/index.php?rest_route=%2Fwp%2Fv2%2Fcomments&post=93266"}],"version-history":[{"count":0,"href":"https:\/\/diarioregionaldigital.com.br\/index.php?rest_route=\/wp\/v2\/posts\/93266\/revisions"}],"wp:featuredmedia":[{"embeddable":true,"href":"https:\/\/diarioregionaldigital.com.br\/index.php?rest_route=\/wp\/v2\/media\/93265"}],"wp:attachment":[{"href":"https:\/\/diarioregionaldigital.com.br\/index.php?rest_route=%2Fwp%2Fv2%2Fmedia&parent=93266"}],"wp:term":[{"taxonomy":"category","embeddable":true,"href":"https:\/\/diarioregionaldigital.com.br\/index.php?rest_route=%2Fwp%2Fv2%2Fcategories&post=93266"},{"taxonomy":"post_tag","embeddable":true,"href":"https:\/\/diarioregionaldigital.com.br\/index.php?rest_route=%2Fwp%2Fv2%2Ftags&post=93266"}],"curies":[{"name":"wp","href":"https:\/\/api.w.org\/{rel}","templated":true}]}}