{"id":93264,"date":"2018-03-06T20:43:14","date_gmt":"2018-03-06T23:43:14","guid":{"rendered":"http:\/\/diarioregionaljf.com.br\/2018\/03\/06\/febre-amarela-ja-matou-108-pessoas-em-minas\/"},"modified":"2018-03-06T20:43:14","modified_gmt":"2018-03-06T23:43:14","slug":"febre-amarela-ja-matou-108-pessoas-em-minas","status":"publish","type":"post","link":"https:\/\/diarioregionaldigital.com.br\/?p=93264","title":{"rendered":"Febre amarela j\u00e1 matou 108 pessoas em Minas"},"content":{"rendered":"<p>A febre amarela j\u00e1 fez 108 v\u00edtimas fatais em todo o estado. Os dados foram divulgados nesta ter\u00e7a-feira, 6, pela Secretaria de Estado de Sa\u00fade de Minas Gerais (SES\/MG). De acordo com a pasta, desde o in\u00edcio do 2\u00ba per\u00edodo de monitoramento da doen\u00e7a (julho\/2017 a junho\/2018), foram confirmados 320 casos e outros 624 continuam em investiga\u00e7\u00e3o.<\/p>\n<p>Na Unidade Regional de Juiz de Fora, que abrange 19 munic\u00edpios, j\u00e1 s\u00e3o 51 casos confirmados de febre amarela, dos quais 24 evolu\u00edram para \u00f3bito. S\u00f3 na cidade, 23 pessoas contra\u00edram a doen\u00e7a e cinco morreram.<\/p>\n<p>Ainda de acordo com os dados da SES\/MG, mais do 87% (280) das v\u00edtimas da doen\u00e7a s\u00e3o homens e 12,5% (40) s\u00e3o mulheres. Dentre os \u00f3bitos, seis foram de pacientes do sexo feminino, o equivalente a 5,6% do total de mortes confirmados.<\/p>\n<p>A mediana de idade dos casos confirmados \u00e9 de 48 anos (3 &#8211; 88 anos) e a letalidade em Minas Gerais \u00e9 de aproximadamente 33,8%.<\/p>\n<p>&nbsp;<\/p>\n<h4>CASOS EM PESSOAS VACINADAS<\/h4>\n<p>Dentre os casos em investiga\u00e7\u00e3o no estado, h\u00e1 11 registros de pessoas com hist\u00f3rico de vacina\u00e7\u00e3o pr\u00e9via e exame positivo para febre amarela. Segundo a Secretaria, esses pacientes est\u00e3o sendo acompanhados para levantamento de informa\u00e7\u00f5es cl\u00ednicas e epidemiol\u00f3gicas e uma comiss\u00e3o trabalha em parceria com o Minist\u00e9rio da Sa\u00fade para investigar os casos.<\/p>\n<p>A SES\/MG ressalta que a efic\u00e1cia da vacina \u00e9 de 95% a 98%, sendo considerada altamente segura na preven\u00e7\u00e3o da transmiss\u00e3o do v\u00edrus. A pasta tamb\u00e9m ressalta que a recomenda\u00e7\u00e3o da Organiza\u00e7\u00e3o Mundial de Sa\u00fade \u00e9 de que uma \u00fanica dose confere prote\u00e7\u00e3o por toda a vida.<\/p>\n<p>Os dados divulgados nesta ter\u00e7a-feira, 6, apontam que, atualmente, a cobertura vacinal acumulada em Minas Gerais est\u00e1 em torno de 90%. A estimativa \u00e9 de que 1.986.836 pessoas ainda n\u00e3o foram vacinadas, especialmente na faixa-et\u00e1ria de 15 a 59 anos, a mais acometida pela epidemia de febre amarela silvestre de 2017.<\/p>\n<p>Dos 853 munic\u00edpios mineiros, 217 n\u00e3o alcan\u00e7aram 80% de cobertura vacinal; outros 294 t\u00eam entre 80% e 94,9% de seus moradores vacinados, e 342 est\u00e3o com \u00edndice de cobertura acima de 95%, o recomendado pelo Minist\u00e9rio da Sa\u00fade.<\/p>\n<p>Como medida de prote\u00e7\u00e3o individual, recomenda-se, ainda, que a popula\u00e7\u00e3o mais exposta \u00e0 circula\u00e7\u00e3o do v\u00edrus alie a imuniza\u00e7\u00e3o ao uso de repelentes.<\/p>\n","protected":false},"excerpt":{"rendered":"<p>A febre amarela j\u00e1 fez 108 v\u00edtimas fatais em todo o estado. Os dados foram divulgados nesta ter\u00e7a-feira, 6, pela Secretaria de Estado de Sa\u00fade de Minas Gerais (SES\/MG). De acordo com a pasta, desde o in\u00edcio do 2\u00ba per\u00edodo de monitoramento da doen\u00e7a (julho\/2017 a junho\/2018), foram confirmados 320 casos e outros 624 continuam [&hellip;]<\/p>\n","protected":false},"author":96,"featured_media":93263,"comment_status":"closed","ping_status":"closed","sticky":false,"template":"","format":"standard","meta":{"footnotes":""},"categories":[252],"tags":[],"class_list":["post-93264","post","type-post","status-publish","format-standard","has-post-thumbnail","hentry","category-regiao"],"_links":{"self":[{"href":"https:\/\/diarioregionaldigital.com.br\/index.php?rest_route=\/wp\/v2\/posts\/93264","targetHints":{"allow":["GET"]}}],"collection":[{"href":"https:\/\/diarioregionaldigital.com.br\/index.php?rest_route=\/wp\/v2\/posts"}],"about":[{"href":"https:\/\/diarioregionaldigital.com.br\/index.php?rest_route=\/wp\/v2\/types\/post"}],"author":[{"embeddable":true,"href":"https:\/\/diarioregionaldigital.com.br\/index.php?rest_route=\/wp\/v2\/users\/96"}],"replies":[{"embeddable":true,"href":"https:\/\/diarioregionaldigital.com.br\/index.php?rest_route=%2Fwp%2Fv2%2Fcomments&post=93264"}],"version-history":[{"count":0,"href":"https:\/\/diarioregionaldigital.com.br\/index.php?rest_route=\/wp\/v2\/posts\/93264\/revisions"}],"wp:featuredmedia":[{"embeddable":true,"href":"https:\/\/diarioregionaldigital.com.br\/index.php?rest_route=\/wp\/v2\/media\/93263"}],"wp:attachment":[{"href":"https:\/\/diarioregionaldigital.com.br\/index.php?rest_route=%2Fwp%2Fv2%2Fmedia&parent=93264"}],"wp:term":[{"taxonomy":"category","embeddable":true,"href":"https:\/\/diarioregionaldigital.com.br\/index.php?rest_route=%2Fwp%2Fv2%2Fcategories&post=93264"},{"taxonomy":"post_tag","embeddable":true,"href":"https:\/\/diarioregionaldigital.com.br\/index.php?rest_route=%2Fwp%2Fv2%2Ftags&post=93264"}],"curies":[{"name":"wp","href":"https:\/\/api.w.org\/{rel}","templated":true}]}}