{"id":93262,"date":"2018-03-06T20:41:56","date_gmt":"2018-03-06T23:41:56","guid":{"rendered":"http:\/\/diarioregionaljf.com.br\/2018\/03\/06\/policia-prende-4-em-sao-paulo-com-r-1-milhao-em-pedras-preciosas\/"},"modified":"2018-03-06T20:41:56","modified_gmt":"2018-03-06T23:41:56","slug":"policia-prende-4-em-sao-paulo-com-r-1-milhao-em-pedras-preciosas","status":"publish","type":"post","link":"https:\/\/diarioregionaldigital.com.br\/?p=93262","title":{"rendered":"Pol\u00edcia prende 4 em S\u00e3o Paulo com R$ 1 milh\u00e3o em pedras preciosas"},"content":{"rendered":"<p>A Pol\u00edcia Rodovi\u00e1ria de S\u00e3o Paulo prendeu quatro pessoas, na noite dessa segunda-feira, 5, que carregavam em um Honda CR-V uma carga de pedras preciosas avaliada em R$1 milh\u00e3o. O flagrante aconteceu quando os policiais estavam em patrulhamento pela Rodovia C\u00f4nego Dom\u00eanico Rangoni, na altura do Km 5, no sentido Guaruj\u00e1, no litoral paulista.<\/p>\n<p>Durante a abordagem, foram localizadas esmeraldas, diamantes semilapidados, top\u00e1zios, \u00e1guas marinhas, algemas, distintivos e um simulacro de arma de fogo.<\/p>\n<p>Questionados, os ocupantes do carro informaram que adquiriram as pedras na Bahia e que iriam vend\u00ea-las clandestinamente. Os indiv\u00edduos foram encaminhados para a delegacia de Pol\u00edcia Federal, onde foram ouvidos e liberados. A pol\u00edcia recolheu as pedras preciosas e demais objetos.<\/p>\n<p>Fonte: Ag\u00eancia Brasil<\/p>\n","protected":false},"excerpt":{"rendered":"<p>A Pol\u00edcia Rodovi\u00e1ria de S\u00e3o Paulo prendeu quatro pessoas, na noite dessa segunda-feira, 5, que carregavam em um Honda CR-V uma carga de pedras preciosas avaliada em R$1 milh\u00e3o. O flagrante aconteceu quando os policiais estavam em patrulhamento pela Rodovia C\u00f4nego Dom\u00eanico Rangoni, na altura do Km 5, no sentido Guaruj\u00e1, no litoral paulista. Durante [&hellip;]<\/p>\n","protected":false},"author":96,"featured_media":93261,"comment_status":"closed","ping_status":"closed","sticky":false,"template":"","format":"standard","meta":{"footnotes":""},"categories":[302],"tags":[],"class_list":["post-93262","post","type-post","status-publish","format-standard","has-post-thumbnail","hentry","category-brasil-mundo"],"_links":{"self":[{"href":"https:\/\/diarioregionaldigital.com.br\/index.php?rest_route=\/wp\/v2\/posts\/93262","targetHints":{"allow":["GET"]}}],"collection":[{"href":"https:\/\/diarioregionaldigital.com.br\/index.php?rest_route=\/wp\/v2\/posts"}],"about":[{"href":"https:\/\/diarioregionaldigital.com.br\/index.php?rest_route=\/wp\/v2\/types\/post"}],"author":[{"embeddable":true,"href":"https:\/\/diarioregionaldigital.com.br\/index.php?rest_route=\/wp\/v2\/users\/96"}],"replies":[{"embeddable":true,"href":"https:\/\/diarioregionaldigital.com.br\/index.php?rest_route=%2Fwp%2Fv2%2Fcomments&post=93262"}],"version-history":[{"count":0,"href":"https:\/\/diarioregionaldigital.com.br\/index.php?rest_route=\/wp\/v2\/posts\/93262\/revisions"}],"wp:featuredmedia":[{"embeddable":true,"href":"https:\/\/diarioregionaldigital.com.br\/index.php?rest_route=\/wp\/v2\/media\/93261"}],"wp:attachment":[{"href":"https:\/\/diarioregionaldigital.com.br\/index.php?rest_route=%2Fwp%2Fv2%2Fmedia&parent=93262"}],"wp:term":[{"taxonomy":"category","embeddable":true,"href":"https:\/\/diarioregionaldigital.com.br\/index.php?rest_route=%2Fwp%2Fv2%2Fcategories&post=93262"},{"taxonomy":"post_tag","embeddable":true,"href":"https:\/\/diarioregionaldigital.com.br\/index.php?rest_route=%2Fwp%2Fv2%2Ftags&post=93262"}],"curies":[{"name":"wp","href":"https:\/\/api.w.org\/{rel}","templated":true}]}}