{"id":93260,"date":"2018-03-06T20:29:02","date_gmt":"2018-03-06T23:29:02","guid":{"rendered":"http:\/\/diarioregionaljf.com.br\/2018\/03\/06\/jungmann-defende-fim-do-contato-direto-entre-presos-e-visitantes\/"},"modified":"2018-03-06T20:29:02","modified_gmt":"2018-03-06T23:29:02","slug":"jungmann-defende-fim-do-contato-direto-entre-presos-e-visitantes","status":"publish","type":"post","link":"https:\/\/diarioregionaldigital.com.br\/?p=93260","title":{"rendered":"Jungmann defende fim do contato direto entre presos e visitantes"},"content":{"rendered":"<p>O ministro da Seguran\u00e7a P\u00fablica, Raul Jungmann, defendeu nessa ter\u00e7a-feira, 6, o fim do contato direto entre presos e visitantes nas penitenci\u00e1rias. Jugmann prop\u00f4s a constru\u00e7\u00e3o de parlat\u00f3rios, em que qualquer contato com o preso seja registrado.<\/p>\n<p>&#8220;Voc\u00eas j\u00e1 viram em filmes: tem um vidro, tem um telefone, e tudo aquilo que \u00e9 conversado \u00e9 registrado. Se houver necessidade, requisitam-se ao juiz aquelas informa\u00e7\u00f5es\u201d, disse Jungmann, ap\u00f3s participar da abertura da 13\u00aa Feira Internacional de Seguran\u00e7a, na zona norte de S\u00e3o Paulo.<\/p>\n<p>Para o ministro, a medida \u00e9 necess\u00e1ria para evitar que os chefes do crime organizado continuem a agir de dentro das cadeias, em uma situa\u00e7\u00e3o que Jungmann chamou ironicamente de \u201chome office\u201d (escrit\u00f3rio em casa). \u201c\u00c9 uma maneira de acabar com esse fluxo de informa\u00e7\u00e3o para dentro e para fora. Mas isso, evidentemente, depender\u00e1 de um acordo [com os governo estaduais] a ser feito e da normatiza\u00e7\u00e3o, para que a gente possa definitivamente romper os la\u00e7os entre o comando do crime, que est\u00e1 dentro do sistema prisional, e aqueles que est\u00e3o na rua aterrorizando o povo\u201d, acrescentou.<\/p>\n<h4>&nbsp;<\/h4>\n<h4>PROGRESS\u00c3O MAIS DURA<\/h4>\n<p>Jungmann tamb\u00e9m quer dificultar a progress\u00e3o de regime para os condenados por crimes hediondos.<\/p>\n<p>\u201cQuem cometeu um crime hediondo n\u00e3o deve ter praticamente nenhum direito \u00e0 progress\u00e3o de pena. O nosso problema n\u00e3o est\u00e1 em penas mais longas, est\u00e1 em rever alguns regimes de progress\u00e3o. N\u00e3o \u00e9 poss\u00edvel que o sujeito cometa um crime hediondo, um sequestro seguido de morte e, em poucos anos, pela progress\u00e3o que a\u00ed est\u00e1, ele esteja na rua. Isso \u00e9 inaceit\u00e1vel\u201d, afirmou o ministro, ao citar medidas que considera necess\u00e1rias para combater os problemas de seguran\u00e7a p\u00fablica no pa\u00eds.<\/p>\n<p>Jungmann disse que ainda est\u00e1 trabalhando para estruturar a pasta da Seguran\u00e7a P\u00fablica, criada por medida provis\u00f3ria assinada pelo presidente Michel Temer no dia 26 de fevereiro. Ele citou, entre as a\u00e7\u00f5es que pretende tomar, a cria\u00e7\u00e3o da Secretaria de Produtos de Seguran\u00e7a, como existe no Minist\u00e9rio da Defesa. \u201c\u00c9 fundamental que n\u00f3s tenhamos uma rela\u00e7\u00e3o com o setor privado, que hoje o cluster em defesa e seguran\u00e7a, a base industrial em defesa e seguran\u00e7a \u00e9 respons\u00e1vel por 3,6% do nosso PIB [Produto Interno Bruto]. E respons\u00e1vel pelo faturamento de algo como R$206 bilh\u00f5es\u201d, disse, ao destacar a import\u00e2ncia da \u00e1rea dentro do minist\u00e9rio.<\/p>\n<p>Sobre a interven\u00e7\u00e3o federal na seguran\u00e7a p\u00fablica no Rio de Janeiro, o ministro disse que pretende se informar sobre a situa\u00e7\u00e3o ao visitar o estado na pr\u00f3xima sexta-feira, 9.<\/p>\n<p>Fonte: Ag\u00eancia Brasil<\/p>\n","protected":false},"excerpt":{"rendered":"<p>O ministro da Seguran\u00e7a P\u00fablica, Raul Jungmann, defendeu nessa ter\u00e7a-feira, 6, o fim do contato direto entre presos e visitantes nas penitenci\u00e1rias. Jugmann prop\u00f4s a constru\u00e7\u00e3o de parlat\u00f3rios, em que qualquer contato com o preso seja registrado. &#8220;Voc\u00eas j\u00e1 viram em filmes: tem um vidro, tem um telefone, e tudo aquilo que \u00e9 conversado \u00e9 [&hellip;]<\/p>\n","protected":false},"author":96,"featured_media":93259,"comment_status":"closed","ping_status":"closed","sticky":false,"template":"","format":"standard","meta":{"footnotes":""},"categories":[302],"tags":[],"class_list":["post-93260","post","type-post","status-publish","format-standard","has-post-thumbnail","hentry","category-brasil-mundo"],"_links":{"self":[{"href":"https:\/\/diarioregionaldigital.com.br\/index.php?rest_route=\/wp\/v2\/posts\/93260","targetHints":{"allow":["GET"]}}],"collection":[{"href":"https:\/\/diarioregionaldigital.com.br\/index.php?rest_route=\/wp\/v2\/posts"}],"about":[{"href":"https:\/\/diarioregionaldigital.com.br\/index.php?rest_route=\/wp\/v2\/types\/post"}],"author":[{"embeddable":true,"href":"https:\/\/diarioregionaldigital.com.br\/index.php?rest_route=\/wp\/v2\/users\/96"}],"replies":[{"embeddable":true,"href":"https:\/\/diarioregionaldigital.com.br\/index.php?rest_route=%2Fwp%2Fv2%2Fcomments&post=93260"}],"version-history":[{"count":0,"href":"https:\/\/diarioregionaldigital.com.br\/index.php?rest_route=\/wp\/v2\/posts\/93260\/revisions"}],"wp:featuredmedia":[{"embeddable":true,"href":"https:\/\/diarioregionaldigital.com.br\/index.php?rest_route=\/wp\/v2\/media\/93259"}],"wp:attachment":[{"href":"https:\/\/diarioregionaldigital.com.br\/index.php?rest_route=%2Fwp%2Fv2%2Fmedia&parent=93260"}],"wp:term":[{"taxonomy":"category","embeddable":true,"href":"https:\/\/diarioregionaldigital.com.br\/index.php?rest_route=%2Fwp%2Fv2%2Fcategories&post=93260"},{"taxonomy":"post_tag","embeddable":true,"href":"https:\/\/diarioregionaldigital.com.br\/index.php?rest_route=%2Fwp%2Fv2%2Ftags&post=93260"}],"curies":[{"name":"wp","href":"https:\/\/api.w.org\/{rel}","templated":true}]}}