{"id":93258,"date":"2018-03-06T20:24:26","date_gmt":"2018-03-06T23:24:26","guid":{"rendered":"http:\/\/diarioregionaljf.com.br\/2018\/03\/06\/fab-intercepta-aeronave-que-transportava-drogas-em-mato-grosso\/"},"modified":"2018-03-06T20:24:26","modified_gmt":"2018-03-06T23:24:26","slug":"fab-intercepta-aeronave-que-transportava-drogas-em-mato-grosso","status":"publish","type":"post","link":"https:\/\/diarioregionaldigital.com.br\/?p=93258","title":{"rendered":"FAB intercepta aeronave que transportava drogas em Mato Grosso"},"content":{"rendered":"<p>Um aeronave proveniente da Bol\u00edvia foi interceptada por um A-29 Super Tucano da For\u00e7a A\u00e9rea Brasileira (FAB), na tarde dessa ter\u00e7a-feira, 6, em uma \u00e1rea pr\u00f3xima ao munic\u00edpio de Tangar\u00e1 da Serra (MT), que fica a 240 km a oeste de Cuiab\u00e1.<\/p>\n<p>Segundo comunicado oficial da FAB em sua conta no Twitter, a aeronave, que foi obrigada a pousar, n\u00e3o tinha plano de voo. Na inspe\u00e7\u00e3o em solo, foi encontrada cerca de meia tonelada de drogas.<\/p>\n<p>A a\u00e7\u00e3o faz parte da Opera\u00e7\u00e3o Ostium, um trabalho conjunto da FAB com a Pol\u00edcia Federal de monitoramento do espa\u00e7o a\u00e9reo brasileiro na regi\u00e3o de fronteira. O objetivo \u00e9 coibir voos irregulares que possam estar ligados a crimes como o narcotr\u00e1fico.<\/p>\n<p>Na primeira fase da opera\u00e7\u00e3o, que come\u00e7ou no ano passado, foram realizadas em m\u00e9dia quatro intercepta\u00e7\u00f5es de aeronaves irregulares por dia.<\/p>\n<p>Fonte: Ag\u00eancia Brasil<\/p>\n","protected":false},"excerpt":{"rendered":"<p>Um aeronave proveniente da Bol\u00edvia foi interceptada por um A-29 Super Tucano da For\u00e7a A\u00e9rea Brasileira (FAB), na tarde dessa ter\u00e7a-feira, 6, em uma \u00e1rea pr\u00f3xima ao munic\u00edpio de Tangar\u00e1 da Serra (MT), que fica a 240 km a oeste de Cuiab\u00e1. Segundo comunicado oficial da FAB em sua conta no Twitter, a aeronave, que [&hellip;]<\/p>\n","protected":false},"author":96,"featured_media":93257,"comment_status":"closed","ping_status":"closed","sticky":false,"template":"","format":"standard","meta":{"footnotes":""},"categories":[302],"tags":[],"class_list":["post-93258","post","type-post","status-publish","format-standard","has-post-thumbnail","hentry","category-brasil-mundo"],"_links":{"self":[{"href":"https:\/\/diarioregionaldigital.com.br\/index.php?rest_route=\/wp\/v2\/posts\/93258","targetHints":{"allow":["GET"]}}],"collection":[{"href":"https:\/\/diarioregionaldigital.com.br\/index.php?rest_route=\/wp\/v2\/posts"}],"about":[{"href":"https:\/\/diarioregionaldigital.com.br\/index.php?rest_route=\/wp\/v2\/types\/post"}],"author":[{"embeddable":true,"href":"https:\/\/diarioregionaldigital.com.br\/index.php?rest_route=\/wp\/v2\/users\/96"}],"replies":[{"embeddable":true,"href":"https:\/\/diarioregionaldigital.com.br\/index.php?rest_route=%2Fwp%2Fv2%2Fcomments&post=93258"}],"version-history":[{"count":0,"href":"https:\/\/diarioregionaldigital.com.br\/index.php?rest_route=\/wp\/v2\/posts\/93258\/revisions"}],"wp:featuredmedia":[{"embeddable":true,"href":"https:\/\/diarioregionaldigital.com.br\/index.php?rest_route=\/wp\/v2\/media\/93257"}],"wp:attachment":[{"href":"https:\/\/diarioregionaldigital.com.br\/index.php?rest_route=%2Fwp%2Fv2%2Fmedia&parent=93258"}],"wp:term":[{"taxonomy":"category","embeddable":true,"href":"https:\/\/diarioregionaldigital.com.br\/index.php?rest_route=%2Fwp%2Fv2%2Fcategories&post=93258"},{"taxonomy":"post_tag","embeddable":true,"href":"https:\/\/diarioregionaldigital.com.br\/index.php?rest_route=%2Fwp%2Fv2%2Ftags&post=93258"}],"curies":[{"name":"wp","href":"https:\/\/api.w.org\/{rel}","templated":true}]}}