{"id":93254,"date":"2018-03-06T20:04:10","date_gmt":"2018-03-06T23:04:10","guid":{"rendered":"http:\/\/diarioregionaljf.com.br\/2018\/03\/06\/autoridades-fazem-buscas-em-casas-de-politicos-peruanos-por-caso-odebrecht\/"},"modified":"2018-03-06T20:04:10","modified_gmt":"2018-03-06T23:04:10","slug":"autoridades-fazem-buscas-em-casas-de-politicos-peruanos-por-caso-odebrecht","status":"publish","type":"post","link":"https:\/\/diarioregionaldigital.com.br\/?p=93254","title":{"rendered":"Autoridades fazem buscas em casas de pol\u00edticos peruanos por caso Odebrecht"},"content":{"rendered":"<p>O Minist\u00e9rio P\u00fablico do Peru realizou nessa ter\u00e7a-feira, 6, buscas nas resid\u00eancias de Jaime Yoshiyama e Augusto Bedoya, ex-ministros de Estado e ex-dirigentes do partido fujimorista acusado pelo ex-diretor da Odebrecht no Peru, Jorge Barata, de ter recebido recursos da empresa para financiar a campanha pol\u00edtica em 2011. A informa\u00e7\u00e3o \u00e9 da EFE.<\/p>\n<p>Segundo uma emissora de televis\u00e3o peruana, funcion\u00e1rios do MP entraram nas casas dos dois pol\u00edticos nos distritos de La Molina e San Isidro, em Lima, em uma opera\u00e7\u00e3o liderada pelo promotor respons\u00e1vel pelas investiga\u00e7\u00f5es de lavagem de dinheiro, Jos\u00e9 P\u00e9rez G\u00f3mez.<\/p>\n<p>G\u00f3mez investiga Keiko Fujimori, l\u00edder do partido For\u00e7a Popular e filha do ex-presidente Alberto Fujimori, pelo financiamento irregular, particularmente pela Odebrecht, das campanhas pol\u00edticas da coaliz\u00e3o, que em 2011 chamava-se For\u00e7a 2011.<\/p>\n<h4>&nbsp;<\/h4>\n<h4>BUSCA E APREENS\u00c3O<\/h4>\n<p>Segundo o jornal El Comercio, a ordem de busca e apreens\u00e3o emitida pelo Poder Judici\u00e1rio procura &#8220;encontrar elementos relevantes para a investiga\u00e7\u00e3o&#8221; neste caso, como dinheiro em quantias significativas, documentos que comprovem a recepta\u00e7\u00e3o de dinheiro da Odebrecht e de empresas vinculadas a ela, registros das companhias vinculadas aos investigados e ao partido.<\/p>\n<p>Na semana passada, em seu depoimento para a promotoria peruana no Brasil, Barata afirmou, de acordo com os vazamentos publicados nos ve\u00edculos de imprensa, que a Odebrecht tinha financiado a campanha de Keiko Fujimori com US$1,2 milh\u00e3o. Cerca de US$1 milh\u00e3o desse dinheiro teria sido entregue a Yoshiyama, secret\u00e1rio-geral do partido de Keiko e candidato a vice-presidente, e ao ex-ministro Augusto Bedoya.<\/p>\n<p>Precisamente poucas horas antes de Barata depor no Brasil, os dois pol\u00edticos viajaram de forma simult\u00e2nea para os EUA, partindo do Peru. Pouco tempo depois, Yoshiyama enviou uma nota do exterior indicando que estava \u00e0 disposi\u00e7\u00e3o da promotoria. J\u00e1 sobre Bedoya n\u00e3o h\u00e1 informa\u00e7\u00f5es at\u00e9 o momento.<\/p>\n<p>O caso Odebrecht no Peru segue o rastro da propina paga a funcion\u00e1rios e agentes p\u00fablicos para vencer as licita\u00e7\u00f5es de contratos milion\u00e1rios de obras p\u00fablicas, abrangendo os mandatos presidenciais de Alejandro Toledo (2001-2006), Alan Garc\u00eda (2006-2011) e Ollanta Humala (2011-2016), al\u00e9m das campanhas eleitorais de outros pol\u00edticos importantes.<\/p>\n<p>Fonte: Ag\u00eancia Brasil<\/p>\n","protected":false},"excerpt":{"rendered":"<p>O Minist\u00e9rio P\u00fablico do Peru realizou nessa ter\u00e7a-feira, 6, buscas nas resid\u00eancias de Jaime Yoshiyama e Augusto Bedoya, ex-ministros de Estado e ex-dirigentes do partido fujimorista acusado pelo ex-diretor da Odebrecht no Peru, Jorge Barata, de ter recebido recursos da empresa para financiar a campanha pol\u00edtica em 2011. A informa\u00e7\u00e3o \u00e9 da EFE. Segundo uma [&hellip;]<\/p>\n","protected":false},"author":96,"featured_media":93253,"comment_status":"closed","ping_status":"closed","sticky":false,"template":"","format":"standard","meta":{"footnotes":""},"categories":[302],"tags":[],"class_list":["post-93254","post","type-post","status-publish","format-standard","has-post-thumbnail","hentry","category-brasil-mundo"],"_links":{"self":[{"href":"https:\/\/diarioregionaldigital.com.br\/index.php?rest_route=\/wp\/v2\/posts\/93254","targetHints":{"allow":["GET"]}}],"collection":[{"href":"https:\/\/diarioregionaldigital.com.br\/index.php?rest_route=\/wp\/v2\/posts"}],"about":[{"href":"https:\/\/diarioregionaldigital.com.br\/index.php?rest_route=\/wp\/v2\/types\/post"}],"author":[{"embeddable":true,"href":"https:\/\/diarioregionaldigital.com.br\/index.php?rest_route=\/wp\/v2\/users\/96"}],"replies":[{"embeddable":true,"href":"https:\/\/diarioregionaldigital.com.br\/index.php?rest_route=%2Fwp%2Fv2%2Fcomments&post=93254"}],"version-history":[{"count":0,"href":"https:\/\/diarioregionaldigital.com.br\/index.php?rest_route=\/wp\/v2\/posts\/93254\/revisions"}],"wp:featuredmedia":[{"embeddable":true,"href":"https:\/\/diarioregionaldigital.com.br\/index.php?rest_route=\/wp\/v2\/media\/93253"}],"wp:attachment":[{"href":"https:\/\/diarioregionaldigital.com.br\/index.php?rest_route=%2Fwp%2Fv2%2Fmedia&parent=93254"}],"wp:term":[{"taxonomy":"category","embeddable":true,"href":"https:\/\/diarioregionaldigital.com.br\/index.php?rest_route=%2Fwp%2Fv2%2Fcategories&post=93254"},{"taxonomy":"post_tag","embeddable":true,"href":"https:\/\/diarioregionaldigital.com.br\/index.php?rest_route=%2Fwp%2Fv2%2Ftags&post=93254"}],"curies":[{"name":"wp","href":"https:\/\/api.w.org\/{rel}","templated":true}]}}