{"id":93249,"date":"2018-03-06T19:56:54","date_gmt":"2018-03-06T22:56:54","guid":{"rendered":"http:\/\/diarioregionaljf.com.br\/2018\/03\/06\/fiemg-regional-zm-oferece-treinamento-sobre-fluxo-de-caixa\/"},"modified":"2018-03-06T19:56:54","modified_gmt":"2018-03-06T22:56:54","slug":"fiemg-regional-zm-oferece-treinamento-sobre-fluxo-de-caixa","status":"publish","type":"post","link":"https:\/\/diarioregionaldigital.com.br\/?p=93249","title":{"rendered":"FIEMG Regional ZM oferece treinamento sobre Fluxo de Caixa"},"content":{"rendered":"<p>A FIEMG Regional Zona da Mata realiza em sua sede nesta sexta-feira, 9, mais um treinamento que poder\u00e1 auxiliar no aperfei\u00e7oamento de ferramentas de gest\u00e3o que impactam diretamente na rotina das empresas. \u201cFluxo de Caixa\u201d ser\u00e1 o tema abordado neste curso, que visa repassar aos participantes conhecimentos fundamentais sobre o tema e sua import\u00e2ncia para as empresas, assim como sua aplicabilidade na tomada de decis\u00f5es em projetos empresariais.<\/p>\n<p>O treinamento ir\u00e1 abordar assuntos como: Conceito e import\u00e2ncia de fluxo de caixa empresarial; Diagrama de fluxo de caixa; Demonstra\u00e7\u00f5es financeiras baseadas em fluxo de caixa; Payback; M\u00e9todo do valor presente l\u00edquido e \u00cdndice de lucratividade. O conte\u00fado ser\u00e1 apresentado por Rodrigo Ferraz, mestre em Administra\u00e7\u00e3o e Desenvolvimento Empresarial; consultor especialista nas \u00e1reas de Finan\u00e7as e Custos; coordenador e professor de cursos de p\u00f3s-gradua\u00e7\u00e3o e gradua\u00e7\u00e3o nas \u00e1reas de Finan\u00e7as, Auditoria, Contabilidade Financeira e Tribut\u00e1ria.<\/p>\n<p>O investimento para o treinamento \u201cFluxo de Caixa\u201d, \u00e9 de R$170 para associados aos Sindicatos filiados \u00e0 FIEMG e de R$195 para demais interessados. O curso acontece na FIEMG Regional Zona da Mata, localizada na Av. Garcia Rodrigues Paes, n\u00ba 12.395 no Bairro Industrial, em Juiz de Fora, das 8h30 \u00e0s 18h. As vagas s\u00e3o limitadas.<\/p>\n<p>Os interessados em participar devem entrar em contato atrav\u00e9s do telefone (32) 3249-1028 ou do e-mail: relacoeszm@fiemg.com.br. Tamb\u00e9m podem se inscrever por <a href=\"http:\/\/www7.fiemg.com.br\/regionais\/zona-da-mata\/eventos\/detalhe\/Treinamento%20Fluxo%20de%20Caixa-1\" target=\"_blank\" rel=\"noopener noreferrer\">aqui<\/a>.<\/p>\n<p>&nbsp;<\/p>\n<p>Fonte: Assessoria<\/p>\n","protected":false},"excerpt":{"rendered":"<p>A FIEMG Regional Zona da Mata realiza em sua sede nesta sexta-feira, 9, mais um treinamento que poder\u00e1 auxiliar no aperfei\u00e7oamento de ferramentas de gest\u00e3o que impactam diretamente na rotina das empresas. \u201cFluxo de Caixa\u201d ser\u00e1 o tema abordado neste curso, que visa repassar aos participantes conhecimentos fundamentais sobre o tema e sua import\u00e2ncia para [&hellip;]<\/p>\n","protected":false},"author":96,"featured_media":93248,"comment_status":"closed","ping_status":"closed","sticky":false,"template":"","format":"standard","meta":{"footnotes":""},"categories":[253],"tags":[],"class_list":["post-93249","post","type-post","status-publish","format-standard","has-post-thumbnail","hentry","category-cidade"],"_links":{"self":[{"href":"https:\/\/diarioregionaldigital.com.br\/index.php?rest_route=\/wp\/v2\/posts\/93249","targetHints":{"allow":["GET"]}}],"collection":[{"href":"https:\/\/diarioregionaldigital.com.br\/index.php?rest_route=\/wp\/v2\/posts"}],"about":[{"href":"https:\/\/diarioregionaldigital.com.br\/index.php?rest_route=\/wp\/v2\/types\/post"}],"author":[{"embeddable":true,"href":"https:\/\/diarioregionaldigital.com.br\/index.php?rest_route=\/wp\/v2\/users\/96"}],"replies":[{"embeddable":true,"href":"https:\/\/diarioregionaldigital.com.br\/index.php?rest_route=%2Fwp%2Fv2%2Fcomments&post=93249"}],"version-history":[{"count":0,"href":"https:\/\/diarioregionaldigital.com.br\/index.php?rest_route=\/wp\/v2\/posts\/93249\/revisions"}],"wp:featuredmedia":[{"embeddable":true,"href":"https:\/\/diarioregionaldigital.com.br\/index.php?rest_route=\/wp\/v2\/media\/93248"}],"wp:attachment":[{"href":"https:\/\/diarioregionaldigital.com.br\/index.php?rest_route=%2Fwp%2Fv2%2Fmedia&parent=93249"}],"wp:term":[{"taxonomy":"category","embeddable":true,"href":"https:\/\/diarioregionaldigital.com.br\/index.php?rest_route=%2Fwp%2Fv2%2Fcategories&post=93249"},{"taxonomy":"post_tag","embeddable":true,"href":"https:\/\/diarioregionaldigital.com.br\/index.php?rest_route=%2Fwp%2Fv2%2Ftags&post=93249"}],"curies":[{"name":"wp","href":"https:\/\/api.w.org\/{rel}","templated":true}]}}