{"id":93247,"date":"2018-03-06T19:56:14","date_gmt":"2018-03-06T22:56:14","guid":{"rendered":"http:\/\/diarioregionaljf.com.br\/2018\/03\/06\/aviso-de-licitacao-prefeitura-municipal-de-piau-mg\/"},"modified":"2018-08-13T20:37:51","modified_gmt":"2018-08-13T23:37:51","slug":"aviso-de-licitacao-prefeitura-municipal-de-piau-mg","status":"publish","type":"post","link":"https:\/\/diarioregionaldigital.com.br\/?p=93247","title":{"rendered":"AVISO DE LICITA\u00c7\u00c3O &#8211; Prefeitura Municipal de Piau\/MG"},"content":{"rendered":"<p>O pregoeiro da Prefeitura Municipal de Piau\/MG, no uso de suas atribui\u00e7\u00f5es legais, torna p\u00fablico que far\u00e1 realizar a licita\u00e7\u00e3o a seguir caracterizada.<br \/>MODALIDADE: Preg\u00e3o Presencial n\u00ba 0005\/2018<\/p>\n<p>OBJETO: O procedimento licitat\u00f3rio na modalidade preg\u00e3o presencial, tipo menor pre\u00e7o por item, que tem por objeto a contrata\u00e7\u00e3o de empresa especializada em mec\u00e2nica de ve\u00edculos leves, pesados, implementos agr\u00edcolas e el\u00e9tricos para atendertoda frota municipal.<\/p>\n<p>DATA DA ABERTURA: Dia 19\/03\/2018 \u00e0s 09:00 horas.<\/p>\n<p>O procedimento licitat\u00f3rio obedecer\u00e1 ao disposto na Lei Federal n\u00ba 10.520\/2002, Lei Federal n\u00ba 8.666\/1993 e suas altera\u00e7\u00f5es posteriores. O Edital completo se encontra \u00e0 disposi\u00e7\u00e3o dos interessados na sede da Prefeitura Municipal de Piau\/MG, localizada na Rua Silva Jardim, 67 \u2013 Centro \u2013 Piau\/MG, no hor\u00e1rio de expediente das 08:00hs \u00e0s 11:00hs e das. Maiores informa\u00e7\u00f5es poder\u00e3o ser obtidas pelos telefones 32-3254-1221.<\/p>\n<p style=\"text-align: center;\">Piau\/MG, 05 de mar\u00e7o de 2018.<\/p>\n<p style=\"text-align: center;\">Jonathan Alex Dornelas<br \/>PREGOEIRO<\/p>\n","protected":false},"excerpt":{"rendered":"<p>O pregoeiro da Prefeitura Municipal de Piau\/MG, no uso de suas atribui\u00e7\u00f5es legais, torna p\u00fablico que far\u00e1 realizar a licita\u00e7\u00e3o a seguir caracterizada.MODALIDADE: Preg\u00e3o Presencial n\u00ba 0005\/2018 OBJETO: O procedimento licitat\u00f3rio na modalidade preg\u00e3o presencial, tipo menor pre\u00e7o por item, que tem por objeto a contrata\u00e7\u00e3o de empresa especializada em mec\u00e2nica de ve\u00edculos leves, pesados, [&hellip;]<\/p>\n","protected":false},"author":96,"featured_media":0,"comment_status":"closed","ping_status":"closed","sticky":false,"template":"","format":"standard","meta":{"footnotes":""},"categories":[307],"tags":[],"class_list":["post-93247","post","type-post","status-publish","format-standard","hentry","category-editais"],"_links":{"self":[{"href":"https:\/\/diarioregionaldigital.com.br\/index.php?rest_route=\/wp\/v2\/posts\/93247","targetHints":{"allow":["GET"]}}],"collection":[{"href":"https:\/\/diarioregionaldigital.com.br\/index.php?rest_route=\/wp\/v2\/posts"}],"about":[{"href":"https:\/\/diarioregionaldigital.com.br\/index.php?rest_route=\/wp\/v2\/types\/post"}],"author":[{"embeddable":true,"href":"https:\/\/diarioregionaldigital.com.br\/index.php?rest_route=\/wp\/v2\/users\/96"}],"replies":[{"embeddable":true,"href":"https:\/\/diarioregionaldigital.com.br\/index.php?rest_route=%2Fwp%2Fv2%2Fcomments&post=93247"}],"version-history":[{"count":0,"href":"https:\/\/diarioregionaldigital.com.br\/index.php?rest_route=\/wp\/v2\/posts\/93247\/revisions"}],"wp:attachment":[{"href":"https:\/\/diarioregionaldigital.com.br\/index.php?rest_route=%2Fwp%2Fv2%2Fmedia&parent=93247"}],"wp:term":[{"taxonomy":"category","embeddable":true,"href":"https:\/\/diarioregionaldigital.com.br\/index.php?rest_route=%2Fwp%2Fv2%2Fcategories&post=93247"},{"taxonomy":"post_tag","embeddable":true,"href":"https:\/\/diarioregionaldigital.com.br\/index.php?rest_route=%2Fwp%2Fv2%2Ftags&post=93247"}],"curies":[{"name":"wp","href":"https:\/\/api.w.org\/{rel}","templated":true}]}}